{"id":776,"date":"2021-05-18T22:00:00","date_gmt":"2021-05-18T21:00:00","guid":{"rendered":"https:\/\/www.pecht.info\/wordpress\/2021\/05\/18\/erstversuche-ii-die-welt-der-farben\/"},"modified":"2022-11-14T15:59:37","modified_gmt":"2022-11-14T14:59:37","slug":"erstversuche-ii-die-welt-der-farben","status":"publish","type":"post","link":"https:\/\/www.pecht.info\/wordpress\/2021\/05\/18\/erstversuche-ii-die-welt-der-farben\/","title":{"rendered":"Erstversuche II: Die Welt der Farben"},"content":{"rendered":"<p>Im Laufe des April 21 wurde die Lockung immer st\u00e4rker, es neben dem Bleistiftzeichnen auch mal mit Farben zu versuchen. Da war mir ein bisschen Bange vor, denn mit Radiergummi verbessern\/optimieren gibt&#8217;s da nicht &#8211; ich ahnte, dass die Welt der Farben und Pinselstriche eine Menge ganz neuer Herausforderungen aufwerfen w\u00fcrde. Egal, rein in die Entdeckungerlust. Ich habe eingekauft, was unter Lockdown-Bedingungen im \u00f6rtlichen Westerwald-Handel zu kriegen ist und mich damit am Schreibtisch breit gemacht: Sch\u00fclerfarbkasten, einfaches Pinselsortiment, 24er Sortiment Aquarellfarben aus der Tube, Zeichenblock A3, fertig bespannte und grundierte Leinwandrahmen A3 und A2.<\/p>\n<p>Erste Erfahrung: Mit Farben malen, hei\u00dft vor allem Farben mischen. Ich habe \u00fcber die Wochen Dutzende Gem\u00e4lde in meinem reichen Bestand an Kunstb\u00e4nden unter malpraktischen Gesichtsdpunkten nochmal genauer betrachtet und gefunden: Fast nigendwo werden Farben so pur benutzt, wie sie aus dem Farbkasten oder meinen Tuben kommen. Daraus kann man eine Wissenschaft machen, man kann aber auch, mit allerhand Spa\u00df an der Freud, einfach rumprobieren. Noch immer unsicher, was Proportionen, Perspektiven, Ausdruck angeht, gesellen sich nun die vermaledeiten Geheimnisse des Farbmischens, des Spiels mit Licht und Schatten durch Hell und Dunkel sowie des Einsatzes unterschiedlicher Pinsel (mit unterschiedlichen Farbwirkungen) per nicht eben ruhiger Hand. Es ist ein Freude &#8211; sogar das nicht seltene Scheitern.<\/p>\n<p>Hier nun einige der ersten Farbversuche, beginnend mit den j\u00fcngsten (10. bis 19. Mai) und absteigend zu den fr\u00fcheren im April.<\/p>\n<p class=\"rtecenter\">***<\/p>\n<p>(19.5.) Etliche Regentage hintereinander. Die habe ich genutzt, um mich malpraktisch mit zwei bekannten Meisterwerken herumzuschlagen: Max Beckmanns &#8222;Zwei Kabarettistinnen&#8220; von 1943 und Vincent van Goghs &#8222;Sonnenaufgang bei St. Rr\u00e9my&#8220; aus dem Jahr 1899. Beim Bl\u00e4ttern in den Kunstb\u00e4nden riefen beide schon eine Weile immer wieder &#8222;versuch dich doch mal an uns&#8220;.<\/p>\n<p><a class=\"colorbox colorbox-insert-image\" title=\"Nach Beckmanns &quot;Zwei Kabarettistinnen&quot;\" href=\"https:\/\/www.pecht.info\/wordpress\/wp-content\/uploads\/2021\/05\/Kabarettistinnen-beschnitten.jpg\"><img loading=\"lazy\" decoding=\"async\" class=\" size-full wp-image-767\" style=\"height: 480px; width: 372px;\" title=\"Nach Beckmanns &quot;Zwei Kabarettistinnen&quot;\" src=\"https:\/\/www.pecht.info\/wordpress\/wp-content\/uploads\/2021\/05\/Kabarettistinnen-beschnitten.jpg\" alt=\"\" width=\"372\" height=\"480\"><\/a><\/p>\n<p>(*Bild ist verkauft)*<\/p>\n<p>Wer mit den Meisteroriginalen vetraut ist, sieht sofort: Neben nachahmenden Lern- und \u00dcbem\u00fchen habe ich mir manche Eigenm\u00e4chtigkeit erlaubt. Bei Beckmann etwa einen brachialen Eingriff in die Farbgestaltung der Damenkleider (plus sonst noch ein paar Kleinigkeiten). Ich mochte all das Schwarz von Beckmann nicht.<\/p>\n<p><a class=\"colorbox colorbox-insert-image\" title=\"Nach Van Goghs &quot;Sonnenaufgang bei St. Rr\u00e9my&quot; \" href=\"https:\/\/www.pecht.info\/wordpress\/wp-content\/uploads\/2021\/05\/Sonnenaufgang-van-Gogh-521.JPG\"><img loading=\"lazy\" decoding=\"async\" class=\" size-full wp-image-768\" style=\"height: 360px; width: 480px;\" title=\"Nach Van Goghs &quot;Sonnenaufgang bei St. Rr\u00e9my&quot; \" src=\"https:\/\/www.pecht.info\/wordpress\/wp-content\/uploads\/2021\/05\/Sonnenaufgang-van-Gogh-521.JPG\" alt=\"\" width=\"1024\" height=\"768\" srcset=\"https:\/\/www.pecht.info\/wordpress\/wp-content\/uploads\/2021\/05\/Sonnenaufgang-van-Gogh-521.JPG 1024w, https:\/\/www.pecht.info\/wordpress\/wp-content\/uploads\/2021\/05\/Sonnenaufgang-van-Gogh-521-480x360.jpg 480w, https:\/\/www.pecht.info\/wordpress\/wp-content\/uploads\/2021\/05\/Sonnenaufgang-van-Gogh-521-768x576.jpg 768w\" sizes=\"auto, (max-width: 1024px) 100vw, 1024px\" \/> <\/a><br \/>\nBei van Gogh mangelte es mir dann rasch an Geduld, selbst gro\u00dfe Fl\u00e4chen aus aberhunderten\/tausenden verschiedenfarbigen Strichelchen zusammenzusetzen. Weshalb dessen Maltechnik bei mir nur als sehr grober Abklatsch auftaucht. Aber egal, mich hatte sowieso prim\u00e4r interessiert, ob und wie ich den Lichteinfall auf den \u00c4ckern und des Meisters extravagante Sonne halbwegs hinkriege.<\/p>\n<p class=\"rtecenter\">***<\/p>\n<p>(12.5.)<\/p>\n<p><a class=\"colorbox colorbox-insert-image\" title=\"Nach Kost\u00fcmentwurf Alexandra Exter, Moskau 1917\" href=\"https:\/\/www.pecht.info\/wordpress\/wp-content\/uploads\/2021\/05\/Tanz-Kostuementwurf-Exter-521.jpg\"><img loading=\"lazy\" decoding=\"async\" class=\" size-full wp-image-769\" style=\"height: 480px; width: 371px;\" title=\"Nach Kost\u00fcmentwurf Alexandra Exter, Moskau 1917\" src=\"https:\/\/www.pecht.info\/wordpress\/wp-content\/uploads\/2021\/05\/Tanz-Kostuementwurf-Exter-521.jpg\" alt=\"\" width=\"791\" height=\"1024\" srcset=\"https:\/\/www.pecht.info\/wordpress\/wp-content\/uploads\/2021\/05\/Tanz-Kostuementwurf-Exter-521.jpg 791w, https:\/\/www.pecht.info\/wordpress\/wp-content\/uploads\/2021\/05\/Tanz-Kostuementwurf-Exter-521-371x480.jpg 371w, https:\/\/www.pecht.info\/wordpress\/wp-content\/uploads\/2021\/05\/Tanz-Kostuementwurf-Exter-521-768x994.jpg 768w\" sizes=\"auto, (max-width: 791px) 100vw, 791px\" \/> <\/a><\/p>\n<p>Mein Titel: &#8222;T\u00e4nzerin auf der Flucht&#8220; (Aquarellfarben auf Leinwand, 50 x 40 cm). Motiv: Kost\u00fcmentwurf von Alexandra Exter, Moskau 1917.<\/p>\n<p class=\"rtecenter\">***<\/p>\n<p><a class=\"colorbox colorbox-insert-image\" title=\"Koblenzer T\u00e4nzerin lesend auf der Terrasse\" href=\"https:\/\/www.pecht.info\/wordpress\/wp-content\/uploads\/2021\/05\/Tanz-Irina-521.jpg\"><img loading=\"lazy\" decoding=\"async\" class=\" size-full wp-image-770\" style=\"height: 480px; width: 326px;\" title=\"Koblenzer T\u00e4nzerin lesend auf der Terrasse\" src=\"https:\/\/www.pecht.info\/wordpress\/wp-content\/uploads\/2021\/05\/Tanz-Irina-521.jpg\" alt=\"\" width=\"697\" height=\"1024\" srcset=\"https:\/\/www.pecht.info\/wordpress\/wp-content\/uploads\/2021\/05\/Tanz-Irina-521.jpg 697w, https:\/\/www.pecht.info\/wordpress\/wp-content\/uploads\/2021\/05\/Tanz-Irina-521-327x480.jpg 327w\" sizes=\"auto, (max-width: 697px) 100vw, 697px\" \/> <\/a><\/p>\n<p>&#8222;Koblenzer T\u00e4nzerin, lesend auf der Terrasse&#8220; (Aquarellfarben auf Papier, 38 x 27 cm). Motivvorlage: Privatfoto.<\/p>\n<p class=\"rtecenter\">***<\/p>\n<p><a class=\"colorbox colorbox-insert-image\" title=\"Gefangene T\u00e4nzerin, Aquarellfarben auf Papier (24x13 cm)\" href=\"https:\/\/www.pecht.info\/wordpress\/wp-content\/uploads\/2021\/05\/Gefangene-Taenzerin.JPG\"><img loading=\"lazy\" decoding=\"async\" class=\" size-full wp-image-771\" style=\"height: 480px; width: 360px;\" title=\"Gefangene T\u00e4nzerin, Aquarellfarben auf Papier (24x13 cm)\" src=\"https:\/\/www.pecht.info\/wordpress\/wp-content\/uploads\/2021\/05\/Gefangene-Taenzerin.JPG\" alt=\"\" width=\"768\" height=\"1024\" srcset=\"https:\/\/www.pecht.info\/wordpress\/wp-content\/uploads\/2021\/05\/Gefangene-Taenzerin.JPG 768w, https:\/\/www.pecht.info\/wordpress\/wp-content\/uploads\/2021\/05\/Gefangene-Taenzerin-360x480.jpg 360w\" sizes=\"auto, (max-width: 768px) 100vw, 768px\" \/> <\/a><br \/>\n&#8222;Mainzer T\u00e4nzerin gefangen&#8220; (Aquarellfarben auf Papier). Das nur 24&#215;13 cm gro\u00dfe Bildchen ist insgesamt ein Portion dunkler als die Blitzlichtaufnahme hier vermuten l\u00e4sst. Vorlage war ein Szenenfoto aus der Tanzsparte des Staatstheaters Mainz. Die verdrehte K\u00f6rperhaltung der T\u00e4nzerin im engen Kasten wie auch das komplizierten Licht-\/Schattenspiel des B\u00fchnenlichts machten mir malerisch richtig zu schaffen.<\/p>\n<p>***<\/p>\n<p><a class=\"colorbox colorbox-insert-image\" href=\"https:\/\/www.pecht.info\/wordpress\/wp-content\/uploads\/2021\/05\/Beckstein-Selbstbild-521-beschnitten.jpg\"><img loading=\"lazy\" decoding=\"async\" class=\" size-full wp-image-772\" style=\"height: 480px; width: 375px;\" src=\"https:\/\/www.pecht.info\/wordpress\/wp-content\/uploads\/2021\/05\/Beckstein-Selbstbild-521-beschnitten.jpg\" alt=\"\" width=\"800\" height=\"1024\" srcset=\"https:\/\/www.pecht.info\/wordpress\/wp-content\/uploads\/2021\/05\/Beckstein-Selbstbild-521-beschnitten.jpg 800w, https:\/\/www.pecht.info\/wordpress\/wp-content\/uploads\/2021\/05\/Beckstein-Selbstbild-521-beschnitten-375x480.jpg 375w, https:\/\/www.pecht.info\/wordpress\/wp-content\/uploads\/2021\/05\/Beckstein-Selbstbild-521-beschnitten-768x983.jpg 768w\" sizes=\"auto, (max-width: 800px) 100vw, 800px\" \/> <\/a><\/p>\n<p>Mein erster Versuch mit Aquarellfarben auf Leinwand 40&#215;30 cm). Spannend, die Farben verhalten sich und wirken ganz anders als auf Papier\u200c; auch das Malgef\u00fchl selbst ist ein anderes. Allein in das Gesicht habe ich 8 verschiedene Farben eingemischt. Das geht &#8211; mit etwas Erfahrung &#8211; vermutlich auch einfacher, aber ich wandere eben nun mit einigem Vergn\u00fcgen vorerst auf dem Weg von Versuch und Irrtum. Vorlagemotiv: Max Beckmann &#8222;Selbstbildnis vor Staffelei&#8220; 1945<\/p>\n<p>***<\/p>\n<p>Alle nachfolgenden Bilder sind Aquarelle auf Papier nach bekannten \u00d6lgem\u00e4lden \u00e4lterer Meister, von mir als Vorlage vor allem ausgesucht im Hinblick auf den Umgang mit Farben.<\/p>\n<p><a class=\"colorbox colorbox-insert-image\" href=\"https:\/\/www.pecht.info\/wordpress\/wp-content\/uploads\/2021\/05\/Frauen-521.JPG\"><img loading=\"lazy\" decoding=\"async\" class=\" size-full wp-image-773\" style=\"height: 360px; width: 480px;\" src=\"https:\/\/www.pecht.info\/wordpress\/wp-content\/uploads\/2021\/05\/Frauen-521.JPG\" alt=\"\" width=\"1024\" height=\"768\" srcset=\"https:\/\/www.pecht.info\/wordpress\/wp-content\/uploads\/2021\/05\/Frauen-521.JPG 1024w, https:\/\/www.pecht.info\/wordpress\/wp-content\/uploads\/2021\/05\/Frauen-521-480x360.jpg 480w, https:\/\/www.pecht.info\/wordpress\/wp-content\/uploads\/2021\/05\/Frauen-521-768x576.jpg 768w\" sizes=\"auto, (max-width: 1024px) 100vw, 1024px\" \/> <\/a><\/p>\n<p>Vier Versuche en bloc<\/p>\n<p>***<\/p>\n<p><a class=\"colorbox colorbox-insert-image\" href=\"https:\/\/www.pecht.info\/wordpress\/wp-content\/uploads\/2021\/05\/Maedchen-am-Brunnen.JPG\"><img loading=\"lazy\" decoding=\"async\" class=\" size-full wp-image-774\" style=\"height: 360px; width: 480px;\" src=\"https:\/\/www.pecht.info\/wordpress\/wp-content\/uploads\/2021\/05\/Maedchen-am-Brunnen.JPG\" alt=\"\" width=\"1024\" height=\"768\" srcset=\"https:\/\/www.pecht.info\/wordpress\/wp-content\/uploads\/2021\/05\/Maedchen-am-Brunnen.JPG 1024w, https:\/\/www.pecht.info\/wordpress\/wp-content\/uploads\/2021\/05\/Maedchen-am-Brunnen-480x360.jpg 480w, https:\/\/www.pecht.info\/wordpress\/wp-content\/uploads\/2021\/05\/Maedchen-am-Brunnen-768x576.jpg 768w\" sizes=\"auto, (max-width: 1024px) 100vw, 1024px\" \/> <\/a><\/p>\n<p>&#8222;M\u00e4dchen am Brunnen&#8220;<\/p>\n<p>***<\/p>\n<p><a class=\"colorbox colorbox-insert-image\" href=\"https:\/\/www.pecht.info\/wordpress\/wp-content\/uploads\/2021\/05\/Maenner-mit-Muetzen-421.JPG\"><img loading=\"lazy\" decoding=\"async\" class=\" size-full wp-image-775\" style=\"height: 360px; width: 480px;\" src=\"https:\/\/www.pecht.info\/wordpress\/wp-content\/uploads\/2021\/05\/Maenner-mit-Muetzen-421.JPG\" alt=\"\" width=\"1024\" height=\"768\" srcset=\"https:\/\/www.pecht.info\/wordpress\/wp-content\/uploads\/2021\/05\/Maenner-mit-Muetzen-421.JPG 1024w, https:\/\/www.pecht.info\/wordpress\/wp-content\/uploads\/2021\/05\/Maenner-mit-Muetzen-421-480x360.jpg 480w, https:\/\/www.pecht.info\/wordpress\/wp-content\/uploads\/2021\/05\/Maenner-mit-Muetzen-421-768x576.jpg 768w\" sizes=\"auto, (max-width: 1024px) 100vw, 1024px\" \/> <\/a><\/p>\n<p>M\u00e4nner mit &#8222;h\u00fcbschen&#8220; Kopfbedeckungen. Beim Bild rechts habe ich versucht, Bleistift, Feder\/Tinte und Aquarellfarbe zu kombinieren.<\/p>\n","protected":false},"excerpt":{"rendered":"<p>Im Laufe des April 21 wurde die Lockung immer st\u00e4rker, es neben dem Bleistiftzeichnen auch mal mit Farben zu versuchen. Da war mir ein bisschen Bange vor, denn mit Radiergummi verbessern\/optimieren gibt&#8217;s da nicht &#8211; ich ahnte, dass die Welt der Farben und Pinselstriche eine Menge ganz neuer Herausforderungen aufwerfen w\u00fcrde. Egal, rein in die [&hellip;]<\/p>\n","protected":false},"author":4,"featured_media":771,"comment_status":"closed","ping_status":"closed","sticky":false,"template":"","format":"standard","meta":{"_acf_changed":false,"footnotes":""},"categories":[1],"tags":[15],"archiv":[238,242],"archiv_inhaltlich":[282],"class_list":["post-776","post","type-post","status-publish","format-standard","has-post-thumbnail","hentry","category-uncategorized","tag-aus-der-malwerkstatt","archiv-238","archiv-2021-05","archiv_inhaltlich-pecht-galerie"],"acf":{"bild":768,"anhang":""},"wps_subtitle":"","_links":{"self":[{"href":"https:\/\/www.pecht.info\/wordpress\/wp-json\/wp\/v2\/posts\/776","targetHints":{"allow":["GET"]}}],"collection":[{"href":"https:\/\/www.pecht.info\/wordpress\/wp-json\/wp\/v2\/posts"}],"about":[{"href":"https:\/\/www.pecht.info\/wordpress\/wp-json\/wp\/v2\/types\/post"}],"author":[{"embeddable":true,"href":"https:\/\/www.pecht.info\/wordpress\/wp-json\/wp\/v2\/users\/4"}],"replies":[{"embeddable":true,"href":"https:\/\/www.pecht.info\/wordpress\/wp-json\/wp\/v2\/comments?post=776"}],"version-history":[{"count":3,"href":"https:\/\/www.pecht.info\/wordpress\/wp-json\/wp\/v2\/posts\/776\/revisions"}],"predecessor-version":[{"id":3606,"href":"https:\/\/www.pecht.info\/wordpress\/wp-json\/wp\/v2\/posts\/776\/revisions\/3606"}],"wp:featuredmedia":[{"embeddable":true,"href":"https:\/\/www.pecht.info\/wordpress\/wp-json\/wp\/v2\/media\/771"}],"wp:attachment":[{"href":"https:\/\/www.pecht.info\/wordpress\/wp-json\/wp\/v2\/media?parent=776"}],"wp:term":[{"taxonomy":"category","embeddable":true,"href":"https:\/\/www.pecht.info\/wordpress\/wp-json\/wp\/v2\/categories?post=776"},{"taxonomy":"post_tag","embeddable":true,"href":"https:\/\/www.pecht.info\/wordpress\/wp-json\/wp\/v2\/tags?post=776"},{"taxonomy":"archiv","embeddable":true,"href":"https:\/\/www.pecht.info\/wordpress\/wp-json\/wp\/v2\/archiv?post=776"},{"taxonomy":"archiv_inhaltlich","embeddable":true,"href":"https:\/\/www.pecht.info\/wordpress\/wp-json\/wp\/v2\/archiv_inhaltlich?post=776"}],"curies":[{"name":"wp","href":"https:\/\/api.w.org\/{rel}","templated":true}]}}