{"id":6395,"date":"2026-09-02T13:20:38","date_gmt":"2026-09-02T12:20:38","guid":{"rendered":"https:\/\/www.pecht.info\/wordpress\/?p=6395"},"modified":"2026-09-02T13:20:40","modified_gmt":"2026-09-02T12:20:40","slug":"guten-tag-allerseits-im-september-2026","status":"publish","type":"post","link":"https:\/\/www.pecht.info\/wordpress\/2026\/09\/02\/guten-tag-allerseits-im-september-2026\/","title":{"rendered":"Guten Tag allerseits im September 2026"},"content":{"rendered":"<hr \/>\n<p>02.09.2026<\/p>\n<p><em>Derzeit stehe ich mehrmals am Tag in unserem Garten und schaffe \u2013 nichts. Stattdessen schaue ich gespannt wie ein Flitzebogen aufw\u00e4rts \u201agen S\u00fcdosten. Dort ist in Luftlinie etwa drei KM Entfernung auf der bewaldeten Bergkuppe zwischen uns und dem Nachbarort Ransbach-Baumbach Interessantes zu sehen: Endmontage eines himmelhohen Windrades. (&#8230;)\u00a0<\/em><\/p>\n<p>Kleiner pers\u00f6nlicher Text unter der \u00dcberschrift -&gt; <a href=\"https:\/\/www.pecht.info\/wordpress\/2026\/09\/02\/endmontage-neuer-windraeder-in-meinem-hauswald\/\">Endmontage neuer Windr\u00e4der in &#8222;meinem&#8220; Hauswald (ganz lesen hier)<\/a><\/p>\n<hr \/>\n<hr \/>\n<div dir=\"auto\">31.8.2026<\/div>\n<div dir=\"auto\"><em>Es ist ja so: In nahezu allen L\u00e4ndern der Erde w\u00e4chst der Energiebedarf und das teils drastisch. Weshalb es auch in fast allen L\u00e4ndern einen erheblichen Zubau an Anlagen zur Energieerzeugung gibt. Und nun die gute Nachricht: \u00dcberall hat dabei die Stromgewinnung aus Sonne und Wind die mit Abstand h\u00f6chsten Zuwachsraten, neuerdings ebenso nahezu \u00fcberall flankiert vom massiven Ausbau der Speichereinheiten. (\u2026) <\/em><\/div>\n<div dir=\"auto\"><a href=\"https:\/\/www.pecht.info\/wordpress\/2026\/08\/31\/siegeszug-der-regenrativen-energien-ist-unaufhaltbar\/\" data-wpel-link=\"internal\">Ganzen Kommentar unter der \u00dcberschrift \u201eSiegeszug der regenerativen Energien ist unaufhaltbar\u201c lesen hier<\/a><\/div>\n<div dir=\"auto\">\n<hr \/>\n<\/div>\n<div dir=\"auto\">28.8.2026<\/div>\n<div dir=\"auto\">Es sei allseits ein angenehmes Wochenende gew\u00fcnscht. Nachdem die f\u00fcr vergangene Nacht avisierten Gewitter diesmal Gott sei Dank harmlos an uns hier im Unterwesterwald vorbeigezogen sind, sagen die Wetterfr\u00f6sche f\u00fcrs Wochenende eine eher ma\u00dfvolle Mischung voraus. Bestw\u00fcnsche gehen von mir an den Koblenzer Kulturclub Caf\u00e9 Hahn, der am morgigen Samstag (29.8.26) mit einer \u00f6ffentlichen Riesenfete und sattem Programm auf vier B\u00fchnen in der Festung Ehrenbreitstein seinen 45. Geburtstag feiert. (Ab 18 Uhr, Eintritt frei).<\/div>\n<div dir=\"auto\"><\/div>\n<div dir=\"auto\"><a href=\"https:\/\/www.pecht.info\/wordpress\/wp-content\/uploads\/2018\/09\/quergedanken_logo_0.jpg\" data-wpel-link=\"internal\"><img loading=\"lazy\" decoding=\"async\" class=\"alignnone size-full wp-image-51\" src=\"https:\/\/www.pecht.info\/wordpress\/wp-content\/uploads\/2018\/09\/quergedanken_logo_0.jpg\" alt=\"quergedanken_logo\" width=\"150\" height=\"167\" \/><\/a>\u00a0Dreingabe zum Monatswechsel wie immer: Meine Kolumne \u201eQuergedanken\u201c. Die Folge\u00a0 254 ist heute im mittelrheinischen Monatsmagazin \u201eKulturinfo\u201c erschienen. Worum es darin geht, kann sich jede\/r angesichts der \u00dcberschrift wohl sogleich selbst denken. -&gt; <a href=\"https:\/\/www.pecht.info\/wordpress\/2026\/08\/28\/das-fass-vom-vater-rhein-wird-niemals-leer\/\" data-wpel-link=\"internal\">\u201e\u2026 DENN DAS FASS VOM VATER RHEIN WIRD NIEMALS LEER\u201c???<\/a> (Freier Lesetext auf meiner website. Lesezeit ca 2,5 Minuten)<\/div>\n<div dir=\"auto\">\n<hr \/>\n<\/div>\n<div dir=\"auto\">27.8.2026<\/div>\n<div dir=\"auto\"><span class=\"x193iq5w xeuugli x13faqbe x1vvkbs x10flsy6 x1lliihq x1s928wv xhkezso x1gmr53x x1cpjm7i x1fgarty x1943h6x x4zkp8e x41vudc x6prxxf xvq8zen xo1l8bm xzsf02u x1yc453h\" dir=\"auto\">So, Zug um Zug trudeln nun die letzten Umfragen f\u00fcr die Landtagswahlen in Sachsen-Anhalt ein. Sie sehen die AfD \u2013 als leider sehr starke Minderheit \u2013 bei 41 bis 43 Prozent. Festzuhalten bleibt aber: Selbst in diesem Bundesland (wie in den anderen Ost-Bundel\u00e4ndern ebenfalls) steht danach die Mehrheit der wahlberechtigten Bev\u00f6lkerung NICHT im Lager der rechtsextremen Einheitspartei, sondern w\u00fcrde mit 50+X Prozent Parteien des demokratischen Lagers w\u00e4hlen. Die f\u00fcr den Augenblick wichtigste Frage hierbei lautet: Wie kann dieses Mehrheitsverh\u00e4ltnis auch in Parlamentssitzen zum Ausdruck kommen? Entscheidend ist daf\u00fcr nicht die Stimmverteilung unter den demokratischen Parteien, sondern dass dem demokratischen Lager nicht gro\u00dfe Stimmkontingente v\u00f6llig verloren gehen, weil eine oder gar zwei davon knapp an der 5-%-H\u00fcrde scheitern. Was hei\u00dft das f\u00fcrs Wahlverhalten der Demokraten? Um die Voraussetzung daf\u00fcr zu schaffen, dass nicht eine 42\/43-Prozent-Minderheit an die Macht gelangt, m\u00fcssen wohl etliche Demokraten \u201etaktisch w\u00e4hlen\u201c. Vielleicht hilft dabei der Gedanke: Der Hauptfeind f\u00fcr unsere Gesellschaft sind die Blaunen, nicht die wom\u00f6glich ungeliebten Gr\u00fcnen, Roten, Schwarzen.<\/span><\/div>\n<div dir=\"auto\">\n<hr \/>\n<\/div>\n<div dir=\"auto\">-&gt;<a href=\"https:\/\/www.pecht.info\/wordpress\/archiv_inhaltlich\/kolumnen\/guten-tag-allerseits\/\" data-wpel-link=\"internal\">\u00a0Guten Tag allerseits in den Vormonaten<\/a><\/div>\n","protected":false},"excerpt":{"rendered":"<p>02.09.2026 Derzeit stehe ich mehrmals am Tag in unserem Garten und schaffe \u2013 nichts. Stattdessen schaue ich gespannt wie ein Flitzebogen aufw\u00e4rts \u201agen S\u00fcdosten. Dort ist in Luftlinie etwa drei KM Entfernung auf der bewaldeten Bergkuppe zwischen uns und dem Nachbarort Ransbach-Baumbach Interessantes zu sehen: Endmontage eines himmelhohen Windrades. (&#8230;)\u00a0 Kleiner pers\u00f6nlicher Text unter der [&hellip;]<\/p>\n","protected":false},"author":4,"featured_media":0,"comment_status":"closed","ping_status":"closed","sticky":false,"template":"","format":"standard","meta":{"_acf_changed":false,"footnotes":""},"categories":[286,294],"tags":[9],"archiv":[364,373],"archiv_inhaltlich":[259,258],"class_list":["post-6395","post","type-post","status-publish","format-standard","hentry","category-guten-tag-allerseits","category-kolumnen","tag-freier-lesetext","archiv-364","archiv-2026-09","archiv_inhaltlich-guten-tag-allerseits","archiv_inhaltlich-kolumnen"],"acf":{"bild":"","anhang":""},"wps_subtitle":"","_links":{"self":[{"href":"https:\/\/www.pecht.info\/wordpress\/wp-json\/wp\/v2\/posts\/6395","targetHints":{"allow":["GET"]}}],"collection":[{"href":"https:\/\/www.pecht.info\/wordpress\/wp-json\/wp\/v2\/posts"}],"about":[{"href":"https:\/\/www.pecht.info\/wordpress\/wp-json\/wp\/v2\/types\/post"}],"author":[{"embeddable":true,"href":"https:\/\/www.pecht.info\/wordpress\/wp-json\/wp\/v2\/users\/4"}],"replies":[{"embeddable":true,"href":"https:\/\/www.pecht.info\/wordpress\/wp-json\/wp\/v2\/comments?post=6395"}],"version-history":[{"count":1,"href":"https:\/\/www.pecht.info\/wordpress\/wp-json\/wp\/v2\/posts\/6395\/revisions"}],"predecessor-version":[{"id":6396,"href":"https:\/\/www.pecht.info\/wordpress\/wp-json\/wp\/v2\/posts\/6395\/revisions\/6396"}],"wp:attachment":[{"href":"https:\/\/www.pecht.info\/wordpress\/wp-json\/wp\/v2\/media?parent=6395"}],"wp:term":[{"taxonomy":"category","embeddable":true,"href":"https:\/\/www.pecht.info\/wordpress\/wp-json\/wp\/v2\/categories?post=6395"},{"taxonomy":"post_tag","embeddable":true,"href":"https:\/\/www.pecht.info\/wordpress\/wp-json\/wp\/v2\/tags?post=6395"},{"taxonomy":"archiv","embeddable":true,"href":"https:\/\/www.pecht.info\/wordpress\/wp-json\/wp\/v2\/archiv?post=6395"},{"taxonomy":"archiv_inhaltlich","embeddable":true,"href":"https:\/\/www.pecht.info\/wordpress\/wp-json\/wp\/v2\/archiv_inhaltlich?post=6395"}],"curies":[{"name":"wp","href":"https:\/\/api.w.org\/{rel}","templated":true}]}}