{"id":6393,"date":"2026-09-02T13:11:29","date_gmt":"2026-09-02T12:11:29","guid":{"rendered":"https:\/\/www.pecht.info\/wordpress\/?p=6393"},"modified":"2026-09-02T13:11:31","modified_gmt":"2026-09-02T12:11:31","slug":"endmontage-neuer-windraeder-in-meinem-hauswald","status":"publish","type":"post","link":"https:\/\/www.pecht.info\/wordpress\/2026\/09\/02\/endmontage-neuer-windraeder-in-meinem-hauswald\/","title":{"rendered":"Endmontage neuer Windr\u00e4der in &#8222;meinem&#8220; Hauswald"},"content":{"rendered":"<div class=\"xdj266r x14z9mp xat24cr x1lziwak x1vvkbs x126k92a\">\n<div dir=\"auto\">Derzeit stehe ich mehrmals am Tag in unserem Garten und schaffe &#8211; nichts. Stattdessen schaue ich gespannt wie ein Flitzebogen aufw\u00e4rts &#8218;gen S\u00fcdosten. Dort ist in Luftlinie etwa drei KM Entfernung auf der bewaldeten Bergkuppe zwischen uns und dem Nachbarort Ransbach-Baumbach Interessantes zu sehen: Endmontage eines himmelhohen Windrades. Es sind dort jetzt zwar drei Windkraftanlagen im Schlussaufbau, in unserem Blickfeld steht aber nur die eine &#8211; daneben ein gigantischer Kran, der noch etwas h\u00f6her ist und zuletzt das &#8222;Maschinenhaus&#8220; auf die Spitze des tragenden Turms gehievt hat. Es fehlen nur noch die Rotorbl\u00e4tter.<\/div>\n<div dir=\"auto\"><\/div>\n<\/div>\n<div class=\"x14z9mp xat24cr x1lziwak x1vvkbs xtlvy1s x126k92a\">\n<div dir=\"auto\">Das ganze Projekt war nicht unumstritten im Dorf. Es gab auch eine B\u00fcrgerinitiative dagegen und manchen kr\u00e4ftigen Disput zwischen alten Bekannten\/Freunden und mir, weil ich deren Ansinnen nach Verhinderung dieser Anlagen nicht goutieren mochte. In dieser Sache Gegner, sind wir doch Freunde geblieben. Wobei ich gar keinen Hehl daraus mache, dass mir der fr\u00fchere S\u00fcdost-Horizont als reine Waldlinie &#8222;meines&#8220; Hauswaldes besser gefallen hat. Nein, ich bin als Naturliebhaber und Waldschrat kein Freund dieser &#8222;Verspargelung&#8220; der Landschaften. Aber das neue hiesige Bild im S\u00fcdosten ist mir allemal lieber als es bis vor Kurzem noch dasjenige im S\u00fcdwesten hinunter ins Rheintal war: Dort sah ich von meiner Dachstube aus bei klarem Wetter die K\u00fchlturm-Oberkante des Atomkraftwerks M\u00fclheim-K\u00e4rlich. Das AKW ist Geschichte, der K\u00fchlturm mittlerweile geschleift; doch vor vielen Jahren hatte ich noch erleben m\u00fcssen, wie bei Probel\u00e4ufen dort die Dampfschwaden aufstiegen und vom Wind in unserer Richtung getrieben wurden. Vorbei, hurra!<\/div>\n<div dir=\"auto\"><\/div>\n<\/div>\n<div class=\"x14z9mp xat24cr x1lziwak x1vvkbs xtlvy1s x126k92a\">\n<div dir=\"auto\">Stattdessen die Landschafts&#8220;verspargelung&#8220;. Nun denn, wenn alle Strom wollen und davon immer mehr, ist mir dieses Manko noch das am wenigsten widerliche. Ich liebe sie nicht die Windkraftanlagen, halte sie aber f\u00fcr unausweichlich &#8211; und betrachte sie als Hoffnungssymbol daf\u00fcr, dass vielleicht auch noch Kinder, Enkel, Urenkel und Nachgeborene durch einen WesterWALD spazieren k\u00f6nnen. <em>Andreas Pecht<\/em><\/div>\n<\/div>\n","protected":false},"excerpt":{"rendered":"<p>Derzeit stehe ich mehrmals am Tag in unserem Garten und schaffe &#8211; nichts. Stattdessen schaue ich gespannt wie ein Flitzebogen aufw\u00e4rts &#8218;gen S\u00fcdosten. Dort ist in Luftlinie etwa drei KM Entfernung auf der bewaldeten Bergkuppe zwischen uns und dem Nachbarort Ransbach-Baumbach Interessantes zu sehen: Endmontage eines himmelhohen Windrades. Es sind dort jetzt zwar drei Windkraftanlagen [&hellip;]<\/p>\n","protected":false},"author":4,"featured_media":0,"comment_status":"closed","ping_status":"closed","sticky":false,"template":"","format":"standard","meta":{"_acf_changed":false,"footnotes":""},"categories":[294,315,299,293],"tags":[9],"archiv":[364,373],"archiv_inhaltlich":[258,281,274,270],"class_list":["post-6393","post","type-post","status-publish","format-standard","hentry","category-kolumnen","category-kommentar-anmerkung","category-oekonomie_oekologie","category-themen","tag-freier-lesetext","archiv-364","archiv-2026-09","archiv_inhaltlich-kolumnen","archiv_inhaltlich-kommentar-anmerkung","archiv_inhaltlich-oekonomie-oekologie","archiv_inhaltlich-themen"],"acf":{"bild":"","anhang":""},"wps_subtitle":"","_links":{"self":[{"href":"https:\/\/www.pecht.info\/wordpress\/wp-json\/wp\/v2\/posts\/6393","targetHints":{"allow":["GET"]}}],"collection":[{"href":"https:\/\/www.pecht.info\/wordpress\/wp-json\/wp\/v2\/posts"}],"about":[{"href":"https:\/\/www.pecht.info\/wordpress\/wp-json\/wp\/v2\/types\/post"}],"author":[{"embeddable":true,"href":"https:\/\/www.pecht.info\/wordpress\/wp-json\/wp\/v2\/users\/4"}],"replies":[{"embeddable":true,"href":"https:\/\/www.pecht.info\/wordpress\/wp-json\/wp\/v2\/comments?post=6393"}],"version-history":[{"count":1,"href":"https:\/\/www.pecht.info\/wordpress\/wp-json\/wp\/v2\/posts\/6393\/revisions"}],"predecessor-version":[{"id":6394,"href":"https:\/\/www.pecht.info\/wordpress\/wp-json\/wp\/v2\/posts\/6393\/revisions\/6394"}],"wp:attachment":[{"href":"https:\/\/www.pecht.info\/wordpress\/wp-json\/wp\/v2\/media?parent=6393"}],"wp:term":[{"taxonomy":"category","embeddable":true,"href":"https:\/\/www.pecht.info\/wordpress\/wp-json\/wp\/v2\/categories?post=6393"},{"taxonomy":"post_tag","embeddable":true,"href":"https:\/\/www.pecht.info\/wordpress\/wp-json\/wp\/v2\/tags?post=6393"},{"taxonomy":"archiv","embeddable":true,"href":"https:\/\/www.pecht.info\/wordpress\/wp-json\/wp\/v2\/archiv?post=6393"},{"taxonomy":"archiv_inhaltlich","embeddable":true,"href":"https:\/\/www.pecht.info\/wordpress\/wp-json\/wp\/v2\/archiv_inhaltlich?post=6393"}],"curies":[{"name":"wp","href":"https:\/\/api.w.org\/{rel}","templated":true}]}}