{"id":3905,"date":"2023-02-28T07:00:00","date_gmt":"2023-02-28T06:00:00","guid":{"rendered":"https:\/\/www.pecht.info\/wordpress\/?p=3905"},"modified":"2023-03-10T23:02:28","modified_gmt":"2023-03-10T22:02:28","slug":"guten-tag-allerseits-im-februar-2023","status":"publish","type":"post","link":"https:\/\/www.pecht.info\/wordpress\/2023\/02\/28\/guten-tag-allerseits-im-februar-2023\/","title":{"rendered":"Guten Tag allerseits im Februar 2023"},"content":{"rendered":"\n<p class=\"wp-block-paragraph\"><\/p>\n\n\n<hr \/>\n<p>28.02.2023<\/p>\n<p>Ein aktueller Blick auf jene Front, der eigentlich die gr\u00f6\u00dfte Aufmerksamkeit und die intensivsten Bem\u00fchungen seitens der gesamten Menschheit gelten m\u00fcssten: <strong>die Klimafront.<\/strong> Nachfolgend j\u00fcngste Befunde vom Frontabschnitt Deutschland und seinen s\u00fcdwestlichen Nachbarn. Zum zw\u00f6lften Mal in Folge sei in Deutschland der Winter deutlich zu warm ausgefallen, so die Meteorologen. Und zwar nicht um irgendeine Kleinigkeit von 0,X Grad, sondern heuer gleich um 2,7 Grad gegen\u00fcber dem Referenzzeitraum 1961 bis 1990. Wenigstens ist die Wasserlage in etlichen Bundesl\u00e4ndern derzeit noch einigerma\u00dfen entspannt, dank ordentlicher Niederschl\u00e4ge im Fr\u00fchwinter (wobei der Februar im Schnitt bereits wieder zu trocken ausgefallen ist).<\/p>\n<p>Ganz anders die Wasserlage in weiten Teilen Italiens, Frankreichs, \u00d6sterreichs und der Schweiz. Dort herrscht jetzt, im Februar, bereits weit \u00fcberdurchschnittliche Trockenheit, trifft partiell bereits der D\u00fcrre-Begriff zu. Lago Maggiore und Comer See sind nur noch zu einem guten Drittel gef\u00fcllt. Dem Po-Becken fehlen 61 % Niederschl\u00e4ge, der Wasserstand des Tiber liegt 1,50 Meter unter normal und von 422 Grundwassergebieten in Frankreich wird f\u00fcr 245 ein niedriges bis extrem niedriges Niveau festgestellt. Es mangelt an Regen und vor allem an Schnee in den Alpen. Von einigen Gebieten abgesehen, liegt dort jetzt deutlich weniger Schnee als im langj\u00e4hrigen Mittel. F\u00fcr die italienischen und Teile der schweizer Alpen wird derzeit ein Schnee-Minus von 53 % gemeldet. Hei\u00dft: Die Wasserzufl\u00fcsse aus der Schneeschmelze werden im Fr\u00fchjahr einfach ausbleiben.<\/p>\n<hr \/>\n<p>27.02.2023<\/p>\n<p><em><a href=\"https:\/\/www.pecht.info\/wordpress\/wp-content\/uploads\/2018\/01\/quergedanken_logo_0.jpg\"><img loading=\"lazy\" decoding=\"async\" class=\"alignnone size-full wp-image-47\" src=\"https:\/\/www.pecht.info\/wordpress\/wp-content\/uploads\/2018\/01\/quergedanken_logo_0.jpg\" alt=\"\" width=\"90\" height=\"100\" \/><\/a> &#8222;Ihr seid an allem schuld\u201c, giftet Walter. Er setzt mir den Zeigefinger der Belehrung und Beschuldigung auf die Brust: \u201eIhr seid zu viele, habt zu wenige Kinder gezeugt, geht dieser Tage alle zu fr\u00fch in Rente und lebt nachher auch noch zu lange.\u201c H\u00e4?! Wie bitte?! Wer ist \u201eihr\u201c? Als der Freund die Zielgruppe seines Vorwurfs mit \u201eBabyboomer\u201c umrei\u00dft, gehe ich hoch wie dereinst das HB-M\u00e4nnchen. (&#8230;)<\/em><\/p>\n<p>So beginnt die heute erschienene Folge 212 meiner Monatskolumne &#8222;Quergedanken&#8220; unter der \u00dcberschrift &#8222;Auf die Boomer folgen die Knicker&#8220; <a href=\"https:\/\/www.pecht.info\/wordpress\/2023\/02\/26\/auf-die-boomer-folgen-die-knicker-quergedanken\/\">&gt; Ganzen Text lesen<\/a><\/p>\n<hr \/>\n<p>24.02.2023<\/p>\n<p>24. Februar 2023. Viel mehr noch als blo\u00df der Einstieg ins erste Fastenwochenende nach Karneval ist dieser Freitag ein Tag der Trauer, des Zorns und der Solidarit\u00e4t. Denn heute vor einem Jahr begann der von Putin befohlene v\u00f6lkerrechtswidrige und durch rein gar nichts zu rechtfertigende Angriffskrieg der russischen Armee gegen den souver\u00e4nen Staat Ukraine. Weshalb es mir etwas schwerf\u00e4llt, nach gwohnter Manier ein angenehmes Wochenende zu w\u00fcnschen. Ich tue es dennoch &#8211; weil ich den Moskauer Kriegsverbrechern keinen Einfluss auf meine Haltung zum Leben einr\u00e4ume.<\/p>\n<p>Und noch ein Gru\u00df aus der Malstube, entstanden \u00fcber die Fastnachtstage: &#8222;Selbstportr\u00e4t Nr. 2, Februar 2023; im 68. Jahr&#8220;. Dazu &#8211; aus Gr\u00fcnden &#8211; der Hinweis: Dies ist ein Gem\u00e4lde, sozusagen malerische Dichtung auf dem Themenfeld &#8222;Selbstbild&#8220;. Es handelt sich dabei NICHT um den Versuch, einer fotorealistischen 1:1-Abbildung der Realit\u00e4t m\u00f6glichst nahe zu kommen.<\/p>\n<figure id=\"attachment_3939\" aria-describedby=\"caption-attachment-3939\" style=\"width: 402px\" class=\"wp-caption alignnone\"><a href=\"https:\/\/www.pecht.info\/wordpress\/wp-content\/uploads\/2023\/02\/Selbstportraet-Nr.-2-Februar-2023-im-68.-Jahr.jpg\"><img loading=\"lazy\" decoding=\"async\" class=\"size-medium wp-image-3939\" src=\"https:\/\/www.pecht.info\/wordpress\/wp-content\/uploads\/2023\/02\/Selbstportraet-Nr.-2-Februar-2023-im-68.-Jahr-402x480.jpg\" alt=\"\" width=\"402\" height=\"480\" srcset=\"https:\/\/www.pecht.info\/wordpress\/wp-content\/uploads\/2023\/02\/Selbstportraet-Nr.-2-Februar-2023-im-68.-Jahr-402x480.jpg?v=1745920326 402w, https:\/\/www.pecht.info\/wordpress\/wp-content\/uploads\/2023\/02\/Selbstportraet-Nr.-2-Februar-2023-im-68.-Jahr-858x1024.jpg?v=1745920326 858w, https:\/\/www.pecht.info\/wordpress\/wp-content\/uploads\/2023\/02\/Selbstportraet-Nr.-2-Februar-2023-im-68.-Jahr-768x916.jpg?v=1745920326 768w, https:\/\/www.pecht.info\/wordpress\/wp-content\/uploads\/2023\/02\/Selbstportraet-Nr.-2-Februar-2023-im-68.-Jahr-1287x1536.jpg?v=1745920326 1287w, https:\/\/www.pecht.info\/wordpress\/wp-content\/uploads\/2023\/02\/Selbstportraet-Nr.-2-Februar-2023-im-68.-Jahr-1717x2048.jpg?v=1745920326 1717w, https:\/\/www.pecht.info\/wordpress\/wp-content\/uploads\/2023\/02\/Selbstportraet-Nr.-2-Februar-2023-im-68.-Jahr.jpg?v=1745920326 1740w\" sizes=\"auto, (max-width: 402px) 100vw, 402px\" \/><\/a><figcaption id=\"caption-attachment-3939\" class=\"wp-caption-text\">Titel: &#8222;Selbstportr\u00e4t Nr. 2, Februar 2023 (im 68. Jahr)&#8220;. 50 x 60 cm, Acryl auf Leinwand. 23.02.2023 (c) Andreas Pecht<\/figcaption><\/figure>\n<hr \/>\n<p>21.02.2023<\/p>\n<p>Und so beginnt meine Besprechung des aktuellen <strong>Ballettabends am Theater Koblenz:<\/strong><\/p>\n<p><em>Die Eigenart der neuen Ballettproduktion l\u00e4sst sich gut mit einem Blick auf den dominanten Kost\u00fcmtypes umrei\u00dfen: Dorit Lievenbr\u00fcck hat dem Gros des Ensembles den Oberk\u00f6rper eng und streng umfassende Tops schneidern lassen, die \u2013 bei M\u00e4nnern und Frauen gleicherma\u00dfen \u2013 von der H\u00fcfte an \u00fcbergehen in luftig leicht und halbtransparent den Unterk\u00f6rper bis zur halben Wade umspielende R\u00f6cke. Strenge Form hier, Freiheit und Lockerheit da. Die stramme Strukturiertheit Bach\u2019scher Musik und die Ausdrucksdisziplin klassischen bis neoklassischen Tanzstils treffen worauf? Auf die Lust des choreografierenden Ballettchefs Steffen Fuchs, mit jener oft untersch\u00e4tzten Komponente zu spielen, die beidem ebenfalls innewohnt: Emotionalit\u00e4t jenseits religi\u00f6ser Inbrunst oder kanonisierter Beziehungsetikette. Herausgekommen sind 70 pausenlose, buchst\u00e4blich bildsch\u00f6ne Minuten \u201eIm goldenen Schloss\u201c. (\u2026)<\/em><\/p>\n<p><a href=\"https:\/\/www.rhein-zeitung.de\/deutschland-und-welt\/kultur_artikel,-ballett-koblenz-feiert-barock-in-bildschoenen-tanzminiaturen-_arid,2505767.html\">&gt; Ganzen Artikel lesen<\/a> (4550 Anschl\u00e4ge, kostenpflichtiger RZ-Text)<\/p>\n<hr \/>\n<p>20.02.2023<\/p>\n<p>Freude! Nachdem in den vergangenen zwei Wochen diverse Vorhutgruppen durchzogen, fliegen am heutigen Rosenmontag Welle um Welle teils <strong>riesige Schw\u00e4rme der gro\u00dfen Zugv\u00f6gel<\/strong> lautstark von S\u00fcdwest &#8218;gen Nordost \u00fcber den Unterwesterwald. Welcome back, ihr Lieben. Fr\u00fchlingserwachen.<\/p>\n<hr \/>\n<p>17.02.2023<\/p>\n<p>Na dann: Diesen sei ein anarcho-n\u00e4rrisches, jenen ein behagliches Wochenende gew\u00fcnscht. Zwar bin ich durchaus ein Freund dionysischer Gen\u00fcsse, doch kein Aktiv-Fasenachter im Get\u00fcmmel. Allerdings schaue ich aus relativer Ferne gerne zu, halte von generalisierendem Karnevals-Bashing wenig. Ich erfreue mich an der Freude des jeckischen Volkes, auch an bisweilen recht gelungenen Tanznummern, schmunzle oder lache lauthals, falls in der B\u00fctt mal eine Pointe mit K\u00f6nnen gewirkt und trefflich gesetzt ist, selbst wenn sie mir weltanschaulich nicht behagt. In diesem Sinne: Gute Zeit!<\/p>\n<p>Gru\u00df aus der Malstube: &#8222;Meine Eva in Schmidt-Rottluffs Garten mit Turm&#8220;. Anfang der Woche hatte ich kurz \u00fcberlegt, ein Fastnachtsmotiv zu malen, mich dann aber dagegen entschieden. Weil: S\u00e4mtliche Medien quellen \u00fcber von Narrenbildern, da braucht&#8217;s mich nicht auch noch. Also lieber mal wieder lernen und \u00fcben durch Spielen mit Stilen.<\/p>\n<figure id=\"attachment_3927\" aria-describedby=\"caption-attachment-3927\" style=\"width: 475px\" class=\"wp-caption alignnone\"><a href=\"https:\/\/www.pecht.info\/wordpress\/wp-content\/uploads\/2023\/02\/2-Eva-in-Schmidt-Rottluffs-Park-mit-Turmu.jpg\"><img loading=\"lazy\" decoding=\"async\" class=\"size-medium wp-image-3927\" src=\"https:\/\/www.pecht.info\/wordpress\/wp-content\/uploads\/2023\/02\/2-Eva-in-Schmidt-Rottluffs-Park-mit-Turmu-475x480.jpg\" alt=\"\" width=\"475\" height=\"480\" srcset=\"https:\/\/www.pecht.info\/wordpress\/wp-content\/uploads\/2023\/02\/2-Eva-in-Schmidt-Rottluffs-Park-mit-Turmu-475x480.jpg?v=1745920325 475w, https:\/\/www.pecht.info\/wordpress\/wp-content\/uploads\/2023\/02\/2-Eva-in-Schmidt-Rottluffs-Park-mit-Turmu-1014x1024.jpg?v=1745920325 1014w, https:\/\/www.pecht.info\/wordpress\/wp-content\/uploads\/2023\/02\/2-Eva-in-Schmidt-Rottluffs-Park-mit-Turmu-100x100.jpg?v=1745920325 100w, https:\/\/www.pecht.info\/wordpress\/wp-content\/uploads\/2023\/02\/2-Eva-in-Schmidt-Rottluffs-Park-mit-Turmu-768x775.jpg?v=1745920325 768w, https:\/\/www.pecht.info\/wordpress\/wp-content\/uploads\/2023\/02\/2-Eva-in-Schmidt-Rottluffs-Park-mit-Turmu-1521x1536.jpg?v=1745920325 1521w, https:\/\/www.pecht.info\/wordpress\/wp-content\/uploads\/2023\/02\/2-Eva-in-Schmidt-Rottluffs-Park-mit-Turmu.jpg?v=1745920325 1848w\" sizes=\"auto, (max-width: 475px) 100vw, 475px\" \/><\/a><figcaption id=\"caption-attachment-3927\" class=\"wp-caption-text\">Titel: &#8222;Meine Eva in Schmidt-Rottluffs Park mit Turm&#8220;. 50 x 50 cm, Acryl auf Leinwand. 17.02.2023 (c)Andreas Pecht<\/figcaption><\/figure>\n<hr \/>\n<p>11.02.2023<\/p>\n<p>Oh Hirn, du seltsames, du unberechenbares, anarchisches Organ. Mitten in der Nacht weckst du mich, um ausgerechnet mir, der ich im Wachzustand keine drei Verszeilen behalten kann, gleich <strong>eine ganze Gedichtstrophe<\/strong> aus dem Speicher des Unterbewussten zu holen und vor den Latz zu knallen. Warum das? Soll das ein Wink mit dem Zaunpfahl sein, die eigenen Maximen seit Jugendtagen im Alter nicht zu vergessen? *gr\u00fcbel* Die Gedichtstrophe stammt von G\u00fcnter Eich und geht so:<\/p>\n<p><em>Nein, schlaft nicht, w\u00e4hrend die Ordner der Welt gesch\u00e4ftig sind!\/<\/em><br \/><em>Seid mi\u00dftrauisch gegen ihre Macht, die sie vorgeben f\u00fcr \/<\/em><br \/><em>euch erwerben zu m\u00fcssen. \/<\/em><br \/><em>Wacht dar\u00fcber, da\u00df eure Herzen nicht leer sind, wenn mit \/<\/em><br \/><em>der Leere eurer Herzen gerechnet wird! \/<\/em><br \/><em>Tut das Unn\u00fctze, singt die Lieder, die man aus eurem Mund nicht erwartet! \/<\/em><br \/><em>Seid unbequem, seid Sand, nicht das \u00d6l im Getriebe der Welt!<\/em><\/p>\n<hr \/>\n<p>10.02.2023<\/p>\n<p>Wenn die Wetterfr\u00f6sche richtig liegen und sich das gro\u00dfe Omega-Hoch jetzt zu uns herein schiebt, wird das ein s<strong>onniges und frostfreies Wochenende<\/strong> &#8211; dem eine ebenso sonnige Woche mit zweistelligen Temperaturen folgt. Dazu seien reichlich angenehme Fr\u00fchlingsgef\u00fchle gew\u00fcnscht (obwohl es, biologisch betrachtet, eigentlich zu ftr\u00fch daf\u00fcr ist).<\/p>\n<p>In der Malstube ist nichts Neues entstanden. Das sch\u00f6ne Wetter hat mich die zur\u00fcckliegenden Tage ins Freie gezogen zu stundenlangem Werkeln mit S\u00e4ge und Axt. Es war ein bisschen zuviel des Guten bei doch teils noch eisigen Temperaturen: Der R\u00fccken hat zwei bis drei Streiktage angemeldet. Die verbringe ich nun mit W\u00e4rmeumschl\u00e4gen und Entspannungs\u00fcbungen in der Kreativstube &#8211; stets in angenehmer und inspirierender Gesellschaft der an meiner &#8222;Wand der Weiblichkeit&#8220; (s. Foto) versammelten Damen.<\/p>\n<figure id=\"attachment_3920\" aria-describedby=\"caption-attachment-3920\" style=\"width: 480px\" class=\"wp-caption alignnone\"><a href=\"https:\/\/www.pecht.info\/wordpress\/wp-content\/uploads\/2023\/02\/Maedelswand-im-Atelier-223.jpg\"><img loading=\"lazy\" decoding=\"async\" class=\"size-medium wp-image-3920\" src=\"https:\/\/www.pecht.info\/wordpress\/wp-content\/uploads\/2023\/02\/Maedelswand-im-Atelier-223-480x383.jpg\" alt=\"\" width=\"480\" height=\"383\" srcset=\"https:\/\/www.pecht.info\/wordpress\/wp-content\/uploads\/2023\/02\/Maedelswand-im-Atelier-223-480x383.jpg 480w, https:\/\/www.pecht.info\/wordpress\/wp-content\/uploads\/2023\/02\/Maedelswand-im-Atelier-223-1024x817.jpg 1024w, https:\/\/www.pecht.info\/wordpress\/wp-content\/uploads\/2023\/02\/Maedelswand-im-Atelier-223-768x613.jpg 768w, https:\/\/www.pecht.info\/wordpress\/wp-content\/uploads\/2023\/02\/Maedelswand-im-Atelier-223-1536x1226.jpg 1536w, https:\/\/www.pecht.info\/wordpress\/wp-content\/uploads\/2023\/02\/Maedelswand-im-Atelier-223-2048x1634.jpg 2048w\" sizes=\"auto, (max-width: 480px) 100vw, 480px\" \/><\/a><figcaption id=\"caption-attachment-3920\" class=\"wp-caption-text\">&#8222;Wand der Weiblichkeit&#8220; in der Malstube 02.23<\/figcaption><\/figure>\n<hr \/>\n<p>06.02.2023<\/p>\n<p>Und pl\u00f6tzlich f\u00fchlt man sich nur klein und hilflos, ist entsetzt und ratlos: <strong>verheerendes Erdbeben in der T\u00fcrkei, in Syrien und Kurdistan.<\/strong><\/p>\n<hr \/>\n<p>05.02.2023<\/p>\n<p>Wenn die Gelehrten sich nicht einigen k\u00f6nnen, verfahre ich halt auf Basis eigener \u00dcberlegung oder Intuition, wie ich es f\u00fcr sinnvoll halte oder es mir am besten in den Kram passt. So etwa im Falle <strong>Obstbaumschnitt.<\/strong> In den einschl\u00e4gigen Gartenmagazinen und -b\u00fcchern werden dazu unterschiedliche Positionen vertreten. Hier hei\u00dft es, Herbst sei die ideale Zeit f\u00fcr den Baumschnitt; dort wird dem Fr\u00fchjahr der Vorzug gegeben; und wieder andere schw\u00f6ren auf Winterschnitt, betonen allerdings, man solle starke Fr\u00f6ste meiden (ab wann ist &#8222;starker Frost&#8220;, -1, -3 oder erst -8 Grad?).<\/p>\n<p>2020 und 2021 schnitt ich die f\u00fcnf (altehrw\u00fcrdigen) Apfelb\u00e4ume, f\u00fcr die ich seit 2018 pflegezust\u00e4ndig bin, jeweils im Sp\u00e4therbst als die Bl\u00e4tter runter waren. Denn da hatte ich jeweils Luft und Lust daf\u00fcr. 2022 war das nicht der Fall, weshalb ich erst am gestrigen Sonnensamstag mit S\u00e4ge und Schere dem ersten Baum auf den Leib ger\u00fcckt bin. Bis zum Fr\u00fchjahr mag ich nicht warten; dem Fr\u00fchjahrsschnitt gegen\u00fcber bin ich etwas misstrauisch. Gerade angesichts der mild gewordenen Winter und der sich immer weiter nach vorne schiebenden Fr\u00fchlingseinbr\u00fcche ist mir die Gefahr zu gro\u00df, dass die Baums\u00e4fte bereits str\u00f6men, wenn ich anr\u00fccke. Was nicht gut w\u00e4re.<\/p>\n<hr \/>\n<p>03.02.2023<\/p>\n<p>Freitag ist&#8217;s, kurz nach Mittag. Drau\u00dfen Schietwetter: Hierorts alles grau verhangen, dazu Regen und Gebl\u00e4ster; andernorts in der Republik, so h\u00f6re ich, soll es Massen von Pappschnee runterhauen. Man lasse sich darob nicht verdrie\u00dfen, verlege sich stattdessen aufs faule Genie\u00dfen des gleich beginnenden Wochenendes. Aus der Malstube diesmal ein Doppelgru\u00df.<\/p>\n<figure id=\"attachment_3908\" aria-describedby=\"caption-attachment-3908\" style=\"width: 387px\" class=\"wp-caption alignnone\"><a href=\"https:\/\/www.pecht.info\/wordpress\/wp-content\/uploads\/2023\/02\/Taenzerin-halb-knieend-2.jpg\"><img loading=\"lazy\" decoding=\"async\" class=\"size-medium wp-image-3908\" src=\"https:\/\/www.pecht.info\/wordpress\/wp-content\/uploads\/2023\/02\/Taenzerin-halb-knieend-2-387x480.jpg\" alt=\"\" width=\"387\" height=\"480\" srcset=\"https:\/\/www.pecht.info\/wordpress\/wp-content\/uploads\/2023\/02\/Taenzerin-halb-knieend-2-387x480.jpg?v=1745920324 387w, https:\/\/www.pecht.info\/wordpress\/wp-content\/uploads\/2023\/02\/Taenzerin-halb-knieend-2-826x1024.jpg?v=1745920324 826w, https:\/\/www.pecht.info\/wordpress\/wp-content\/uploads\/2023\/02\/Taenzerin-halb-knieend-2-768x952.jpg?v=1745920324 768w, https:\/\/www.pecht.info\/wordpress\/wp-content\/uploads\/2023\/02\/Taenzerin-halb-knieend-2-1239x1536.jpg?v=1745920324 1239w, https:\/\/www.pecht.info\/wordpress\/wp-content\/uploads\/2023\/02\/Taenzerin-halb-knieend-2.jpg?v=1745920324 1552w\" sizes=\"auto, (max-width: 387px) 100vw, 387px\" \/><\/a><figcaption id=\"caption-attachment-3908\" class=\"wp-caption-text\">Titel: T\u00e4nzerin, halb knieend.<br \/>40 x 50 cm, Acryl auf Leinwand. 3.2.2023 (c) Andreas Pecht<\/figcaption><\/figure>\n<p>\u00a0<\/p>\n<figure id=\"attachment_3907\" aria-describedby=\"caption-attachment-3907\" style=\"width: 387px\" class=\"wp-caption alignnone\"><a href=\"https:\/\/www.pecht.info\/wordpress\/wp-content\/uploads\/2023\/02\/Unter-der-Zuckerkruste.jpg\"><img loading=\"lazy\" decoding=\"async\" class=\"size-medium wp-image-3907\" src=\"https:\/\/www.pecht.info\/wordpress\/wp-content\/uploads\/2023\/02\/Unter-der-Zuckerkruste-387x480.jpg\" alt=\"\" width=\"387\" height=\"480\" srcset=\"https:\/\/www.pecht.info\/wordpress\/wp-content\/uploads\/2023\/02\/Unter-der-Zuckerkruste-387x480.jpg?v=1745920323 387w, https:\/\/www.pecht.info\/wordpress\/wp-content\/uploads\/2023\/02\/Unter-der-Zuckerkruste-825x1024.jpg?v=1745920323 825w, https:\/\/www.pecht.info\/wordpress\/wp-content\/uploads\/2023\/02\/Unter-der-Zuckerkruste-768x953.jpg?v=1745920323 768w, https:\/\/www.pecht.info\/wordpress\/wp-content\/uploads\/2023\/02\/Unter-der-Zuckerkruste-1238x1536.jpg?v=1745920323 1238w, https:\/\/www.pecht.info\/wordpress\/wp-content\/uploads\/2023\/02\/Unter-der-Zuckerkruste-1651x2048.jpg?v=1745920323 1651w, https:\/\/www.pecht.info\/wordpress\/wp-content\/uploads\/2023\/02\/Unter-der-Zuckerkruste.jpg?v=1745920323 1728w\" sizes=\"auto, (max-width: 387px) 100vw, 387px\" \/><\/a><figcaption id=\"caption-attachment-3907\" class=\"wp-caption-text\">Titel: Unter der Zuckerkruste.<br \/>40 x 50 cm, Acryl auf Leinwand. 1.2.2023 (c)Andreas Pecht<\/figcaption><\/figure>\n<p>Bild 1 zeigt eine im zeitgen\u00f6ssischen Ballett weit verbreitet Tanzfigur; sehr reizvoll, mit allerhand variierenden starken Ausdrucksm\u00f6glichkeiten. Bild 2 ist ein kleines, etwas abstrahiertes Sinnbildchen aus dem Themenfeld &#8222;Beziehungskisten&#8220;. Ich habe ihm den Titel &#8222;Unter der Zuckerkruste&#8220; verpasst. Selbiger ist geklaut bei meinem Freund Wolfgang K. Lembach, der jene eigene Erz\u00e4hlung so \u00fcberschrieben hat, die meine Malarbeit inspirierte.<\/p>\n<hr \/>\n\n\n<p class=\"wp-block-paragraph\">02.02.2023<\/p>\n\n\n\n<p class=\"wp-block-paragraph\">Noch nix.<\/p>\n\n\n<hr>\n<hr>\n<p>31.01.2023<\/p>\n<p>Feine Sache. So allm\u00e4hlich finde ich wieder in den alten Bewegungsrhythmus, der mich \u00fcber Jahrzehnte begleitet hatte, nach meinem elenden Sturz vor fast drei Jahren dann aber leidlich aus dem Tritt gekommen war. Der Rhythmus geht so: Im Schnitt an f\u00fcnf Tagen pro Woche je ein bis zwei Stunden <strong>stramm durch den Wald marschieren.<\/strong> Die neuzeitliche Selbstoptimierungskultur w\u00fcrde solchen Usus wohl als \u201eTraining der Ausdauer\u201c verbuchen und mit allerhand Ger\u00e4tschaften zeitlich, \u00f6rtlich, physiologisch vermessen. Ich bin schon einfach losmarschiert, mal diese, mal jene Runde, da war der Begriff Selbstoptimierung noch v\u00f6llig unbekannt und gab es auch die digital-elektronischen Vermessungsger\u00e4tschaften f\u00fcr jedwede Leut\u2018 noch nicht.<\/p>\n<p>Nach besagtem Sturz und bis zum Anschlag verdrehten B\u00e4ndern des rechten Fu\u00dfes, war ich wochenlang an Kr\u00fccken und hernach noch einige Monate am Stock gegangen. An vorsichtige Wiedereroberung der Pfade, halbwild unebenen oder geschotterten Wege meines Waldrefugiums konnte ich erst nach Gew\u00f6hnung an die Nordic-Walking-Stecken denken. Der Fu\u00df ist inzwischen l\u00e4ngst wieder in Ordnung, aber die beiden Stecken mag ich mir nicht mehr abgew\u00f6hnen. Der Waldschrat ist nun allemal vierf\u00fc\u00dfig unterwegs \u2013 in nicht minder flottem und schwei\u00dftreibendem Gang, selbst querwaldein, als vor dem Unfall.<\/p>\n<p>Ja, ja, ich seh\u2018 sie gleich grinsen und h\u00f6re sie l\u00e4stern, die lieben Zeitgenoss*innen, ob des vermeintlichen \u201eAltleutesports\u201c und seines \u201el\u00e4cherlichen Aussehens\u201c. Denen, die da grinsen und l\u00e4stern, sei zugerufen: Ihr habt keine Ahnung \u2013 von den wirkm\u00e4chtigen zus\u00e4tzlichen Trainingseffekten dieser Vierf\u00fc\u00dfigkeit f\u00fcr Arm- und R\u00fcckenmuskulatur; von der zus\u00e4tzlichen Tritt- und Gangsicherheit auch in schroffem Gel\u00e4nde. Und was das Aussehen angeht: Das ist mir v\u00f6llig egal. Denn: Bin ich auf Waldtour oder stolziere ich \u00fcber den Miss-\/Mister-World-Laufsteg?<\/p>\n<hr>\n<p>29.01.2023<\/p>\n<p>Zeit meines Lebens die immer gleiche Grundstimmung so Ende Januar und den Februar hindurch: Ungeduld. Keine Lust mehr auf kalt und dunkel. <strong>Warten auf den Fr\u00fchling.<\/strong><\/p>\n<hr>\n<p>27.01.2023<\/p>\n<p><a href=\"https:\/\/www.pecht.info\/wordpress\/wp-content\/uploads\/2018\/01\/quergedanken_logo_0.jpg\" data-wpel-link=\"internal\"><img loading=\"lazy\" decoding=\"async\" class=\"alignnone size-full wp-image-47\" src=\"https:\/\/www.pecht.info\/wordpress\/wp-content\/uploads\/2018\/01\/quergedanken_logo_0.jpg\" alt=\"\" width=\"90\" height=\"100\"><\/a> Es sei allseits ein gem\u00e4chliches, stressfreies Wochenende gew\u00fcnscht. Diesmal statt eines Gru\u00dfes aus der Malstube, einer aus der Schreibstube: Folge 211 meiner <strong>Monatskolumne \u201eQuergedanken\u201c<\/strong>, heute im mittelrheinischen Magazin \u201eKulturinfo\u201c erschienen unter der \u00dcberschrift \u201eNun macht doch mal langsam\u201c. <a href=\"https:\/\/www.pecht.info\/wordpress\/2023\/01\/27\/nun-macht-doch-mal-langsam\/\" data-wpel-link=\"internal\">&gt; Ganzer Text hier (freier Lesetext, 3400 Anschl\u00e4ge)&nbsp; &nbsp;<\/a><\/p>\n<hr>\n<hr>\n<hr>\n<p><a href=\"https:\/\/www.pecht.info\/wordpress\/archiv_inhaltlich\/kolumnen\/guten-tag-allerseits\/\" data-wpel-link=\"internal\">&gt;&gt;&gt; \u201eGuten Tag allerseits\u201c in den Vormonaten<\/a><\/p>","protected":false},"excerpt":{"rendered":"<p>28.02.2023 Ein aktueller Blick auf jene Front, der eigentlich die gr\u00f6\u00dfte Aufmerksamkeit und die intensivsten Bem\u00fchungen seitens der gesamten Menschheit gelten m\u00fcssten: die Klimafront. Nachfolgend j\u00fcngste Befunde vom Frontabschnitt Deutschland und seinen s\u00fcdwestlichen Nachbarn. Zum zw\u00f6lften Mal in Folge sei in Deutschland der Winter deutlich zu warm ausgefallen, so die Meteorologen. Und zwar nicht um [&hellip;]<\/p>\n","protected":false},"author":4,"featured_media":0,"comment_status":"closed","ping_status":"closed","sticky":false,"template":"","format":"standard","meta":{"_acf_changed":false,"footnotes":""},"categories":[286,294],"tags":[9],"archiv":[324,326],"archiv_inhaltlich":[259,258],"class_list":["post-3905","post","type-post","status-publish","format-standard","hentry","category-guten-tag-allerseits","category-kolumnen","tag-freier-lesetext","archiv-324","archiv-2023-02","archiv_inhaltlich-guten-tag-allerseits","archiv_inhaltlich-kolumnen"],"acf":{"bild":"","anhang":""},"wps_subtitle":"","_links":{"self":[{"href":"https:\/\/www.pecht.info\/wordpress\/wp-json\/wp\/v2\/posts\/3905","targetHints":{"allow":["GET"]}}],"collection":[{"href":"https:\/\/www.pecht.info\/wordpress\/wp-json\/wp\/v2\/posts"}],"about":[{"href":"https:\/\/www.pecht.info\/wordpress\/wp-json\/wp\/v2\/types\/post"}],"author":[{"embeddable":true,"href":"https:\/\/www.pecht.info\/wordpress\/wp-json\/wp\/v2\/users\/4"}],"replies":[{"embeddable":true,"href":"https:\/\/www.pecht.info\/wordpress\/wp-json\/wp\/v2\/comments?post=3905"}],"version-history":[{"count":21,"href":"https:\/\/www.pecht.info\/wordpress\/wp-json\/wp\/v2\/posts\/3905\/revisions"}],"predecessor-version":[{"id":3979,"href":"https:\/\/www.pecht.info\/wordpress\/wp-json\/wp\/v2\/posts\/3905\/revisions\/3979"}],"wp:attachment":[{"href":"https:\/\/www.pecht.info\/wordpress\/wp-json\/wp\/v2\/media?parent=3905"}],"wp:term":[{"taxonomy":"category","embeddable":true,"href":"https:\/\/www.pecht.info\/wordpress\/wp-json\/wp\/v2\/categories?post=3905"},{"taxonomy":"post_tag","embeddable":true,"href":"https:\/\/www.pecht.info\/wordpress\/wp-json\/wp\/v2\/tags?post=3905"},{"taxonomy":"archiv","embeddable":true,"href":"https:\/\/www.pecht.info\/wordpress\/wp-json\/wp\/v2\/archiv?post=3905"},{"taxonomy":"archiv_inhaltlich","embeddable":true,"href":"https:\/\/www.pecht.info\/wordpress\/wp-json\/wp\/v2\/archiv_inhaltlich?post=3905"}],"curies":[{"name":"wp","href":"https:\/\/api.w.org\/{rel}","templated":true}]}}