{"id":1104,"date":"2021-04-05T22:00:00","date_gmt":"2021-04-05T21:00:00","guid":{"rendered":"https:\/\/www.pecht.info\/wordpress\/blog\/guten-tag-allerseits-im-april-2021\/"},"modified":"2022-05-11T13:59:09","modified_gmt":"2022-05-11T12:59:09","slug":"guten-tag-allerseits-im-april-2021","status":"publish","type":"post","link":"https:\/\/www.pecht.info\/wordpress\/2021\/04\/05\/guten-tag-allerseits-im-april-2021\/","title":{"rendered":"Guten Tag allerseits im April 2021"},"content":{"rendered":"<p>27.04.2021<\/p>\n<p><img loading=\"lazy\" decoding=\"async\" class=\" size-full wp-image-875\" style=\"float: right; height: 167px; margin: 5px; width: 150px;\" src=\"https:\/\/www.pecht.info\/wordpress\/wp-content\/uploads\/2018\/04\/quergedanken-logo.jpg\" alt=\"\" width=\"150\" height=\"167\" \/><\/p>\n<p>Viele wissen es. Andere ahnen es, weil meine Pr\u00e4senz in Zeitungen und an Vortragspulten mittlerweile gegen Null tendiert, weil auch hier auf meiner website ionzwischen deutlich weniger passiert als in fr\u00fcheren Jahren:<strong> Der Autor ist in den Ruhestand getreten.<\/strong> Das schon vor einigen Monaten. Und was mache ich nun mit all der gewonnenen Verf\u00fcgungszeit? \u201eEr dreht am Rad\u201c, meint Freund Walter schnippisch&#8230;. <a href=\"https:\/\/www.pecht.info\/wordpress\/2021\/04\/26\/aus-dem-ruhestand\/\">&gt; Mehr dazu in meinen &#8222;Quergedanken&#8220; Nr. 190 &#8222;Aus dem Ruhestand&#8220;<\/a><\/p>\n<hr \/>\n<p>17.04.2021<\/p>\n<p>Wer wissen will, was gesch\u00e4he, w\u00fcrden Politik und Gesellschaft in Deutschland den Vorstellungen und Forderungen von AfD, Verquerdenkern und diversen <strong>Coronav<\/strong>erharmlosern folgen \u2013 der schaue nach Brasilien.<\/p>\n<p>Wer wissen will, was herauskommt, wenn Armut, Unterentwicklung, \u00dcberv\u00f6lkerung, Gesundheits- und Bildungsmisere sowie (religi\u00f6se) Massenrituale eine systematische Seuchenbek\u00e4mpfung fast unm\u00f6glich machen \u2013 der schaue nach Indien.<\/p>\n<p>Wer wissen will, was die z\u00e4he und langwierige Folge ist, wenn JEDWEDE Ma\u00dfnahme zur Seuchenbek\u00e4mpfung stets von allen m\u00f6glichen Seiten angefeindet, zerredet, uminterpretiert, ignoriert und deshalb kraftlosem Herumgeeiere der Vorzug gegeben wird \u2013 der schaue auf Deutschland.<\/p>\n<p>Wer wissen will, welche M\u00f6glichkeiten zu einer wirksameren Seuchenbek\u00e4mpfung es geben k\u00f6nnte \u2013 der schaue auf Australien, Neuseeland, S\u00fcdkorea, auch China und einige andere.<\/p>\n<hr \/>\n<p>15.04. 2021<\/p>\n<p>Alles Herumreden, Zerreden, Kleinklein-Reden, Ignorieren, Taktieren ist f\u00fcr den Arsch. Denn <strong>eingetreten ist de facto <\/strong>&#8211; einmal mehr &#8211; genau das, <strong>was die Wissenschaftler prognostiziert haben<\/strong>, wovor sie wieder, wieder und wieder gewarnt haben und worauf das Gros der deutschen Politik sowie ein Teil der Gesellschaft wieder, wieder und wieder nicht angemessen reagieren. Wenn dieses Land sich nicht endlich zu einem &#8222;echten&#8220; Lockdown durchringt und weiter bei halbherzigem Herumeiern bleibt, sollte es sich wenigstens so ehrlich machen und zugeben, dass ihm das \u00d6ffnen, \u00d6ffnen, \u00d6ffnen weitere tausende Tote und Longcovid-Erkankte wert ist. Das w\u00e4re dann allerdings nicht mehr mein Land. Und bevor nun das \u00fcbliche Kaleidsokop-Gelabere wieder anhebt: Man kann \u00fcber alle \u00d6ffnungsstrategien reden, sobald jeder begriffen hat, dass f\u00fcr das eventuelle Gelingen s\u00e4mtliches dieser Strategien Niedriginzidenzen ( = schwaches Infektionsgeschehen) grundlegende VORAUSSETZUNG sind.<\/p>\n<hr \/>\n<p>12.04.2021<\/p>\n<p>Ganz simples Erfahrungsfaktum: Seit Beginn der Pandemie <strong>folgen die Zahlen <\/strong>der klinischen <strong>Intensivf\u00e4lle und der Corona-Toten <\/strong>mit 2- bis 3-w\u00f6chiger Verz\u00f6gerung <strong>tendenziell stets der Entwicklung der Inzidenzen<\/strong>. So auch jetzt wieder bei der dritten Welle, weshalb ja die Intensivmediziner derzeit so laut wie nie &#8222;Alarm&#8220; rufen. Ja gewiss, die Inzidenzwerte sind &#8222;nur&#8220; grob, aber wir haben kein anderes geschweige denn besseres Fr\u00fchwarnsystem &#8211; das uns in diesem Augenblick sehr deutlich signalisiert: Die j\u00fcngste \u00d6ffnungsorgie inmitten einer heftigen Zunahme des Infektionsgeschehens &#8211; wider den dringenden Rat, ja das verzweifelte Flehen von Wissenschaft und Medizinern &#8211; ist eine Dummheit sondergleichen. Wenige Monate vor Durchimpfung der Bev\u00f6lkerung noch einen solche Harakiri-Kurs zu steuern, statt endlich f\u00fcr 2 bis 3 Wochen mit einem &#8222;echten&#8220; Lockdown (kn\u00fcppelhart, aber kurz) das Infektionsgeschehen in den Keller zu dr\u00fccken: Ich begreife es nicht.<\/p>\n<hr \/>\n<p>06.04.2021<\/p>\n<p><strong>Ich mag Leute, die einen Spleen haben,<\/strong> eine Marotte, eine Schrulle, ein skurriles Hobby, eine absonderliche Passion oder seltsame Eigenart. Solange sie niemandem schaden oder einem mit \u00fcberschie\u00dfendem Missionierungsdrang st\u00e4ndig auf den Keks gehen. Am liebsten sind mir jene, die &#8230;. <a href=\"https:\/\/www.pecht.info\/wordpress\/2021\/04\/05\/ich-mag-leute-mit-spleen\/\">&gt; weiterlesen hier<\/a><\/p>\n<hr \/>\n<p>01.04.2021<\/p>\n<p><strong>Wer will denn jetzt noch mit Astraseneca geimpft werden? <\/strong>Na logisch: ICH, ich, ich (65) &#8211; und alle Leute derselben Altersklasse in meinem n\u00e4heren und weiteren Umfeld. Es l\u00e4sst sich doch keiner die Chance entgehen, pl\u00f6tzlich 12 Millionen Pl\u00e4tze in der Impfreihenfolge nach vorne zu r\u00fccken. Zudem: Jeder Geimpfte ist ein Fortschritt f\u00fcr die Seuchenbek\u00e4mpfung. Gefahr: Es sterben jedes Jahr etwa 500 mal mehr Leute an Nebenwirkungen von Ibuprofen. Ab kommenden Mittwoch k\u00f6nnen sich in RLP die 60- bis 70-J\u00e4hrigen zur Astra-Impfung anmelden. Do simma dabei!!<\/p>\n<hr \/>\n<p>01.04.2021<\/p>\n<p><img loading=\"lazy\" decoding=\"async\" class=\" size-full wp-image-875\" style=\"float: right; height: 167px; margin: 5px; width: 150px;\" src=\"https:\/\/www.pecht.info\/wordpress\/wp-content\/uploads\/2018\/04\/quergedanken-logo.jpg\" alt=\"\" width=\"150\" height=\"167\" \/><\/p>\n<p><strong>&#8222;Reden wir mal \u00fcbers Essen. <\/strong>Davon sind alle betroffen, hat jeder Ahnung. Denn alle m\u00fcssen essen \u2013 egal wie das Wetter ist und was sich ringsumher mehr oder minder Dramatisches abspielt. Ein Entschluss Walters brachte das Thema neulich bei uns aufs Tapet mit der beil\u00e4ufigen Bemerkung, er sei seit drei Wochen Vegetarier. (&#8230;).&#8220; So beginnt die aktuelle Folge Nr. 189 meiner seit 2005 bestehenden Monatskolumne\u00a0 &#8222;Quergedanken&#8220;.\u00a0 <a href=\"https:\/\/www.pecht.info\/wordpress\/2021\/03\/31\/allesfresser-vegetarier-veganer-und-co\/\">&gt; Weiterlesen &#8222;Allesfresser, Vegetarier, Veganer und Co.&#8220;<\/a><\/p>\n<p>Bevor ihr in die Lekt\u00fcre des hier verlinkten (freien) Textes einsteigt, noch zwei Anmerkungen. 1. Ich benutze den Begriff &#8222;Allesfresser&#8220; (mich selbst eingeschlossen) nicht als Urteil, sondern in Anlehnung an die Kategorisierung der Biologie (Omnivoren). 2. Im Unterschied zur landl\u00e4ufig verbreiteten Ansicht sind t\u00e4glich reichhaltige Fleischmahlzeiten historisch f\u00fcr das Gros der Menschen NICHT die Regel. Wir m\u00fcssen mehr als 10 000 Jahre in die letzte Eiszeit zur\u00fcckgehen, um in Europa auf Vorfahren zu treffen, die sich haupts\u00e4chlich von Fleisch ern\u00e4hrten. Und das auch nur, weil in der damals trockenkalten Tundralandschaft auf dem Kontinent essbare Pflanzen nur sp\u00e4rlich vorkamen, wandernde Wildtierherden indes in gro\u00dfer Zahl. Von der Sesshaftwerdung bis zur Wirtschaftswunderzeit war reichlich Fleisch auf dem Tisch ein Privileg der wohlhabenden Schichten, bestand die Basis der Volksern\u00e4hrung aus Getreidebrei (sp\u00e4ter Brot), Kohlgew\u00e4chsen und Wurzelgem\u00fcse.<\/p>\n","protected":false},"excerpt":{"rendered":"<p>27.04.2021 Viele wissen es. Andere ahnen es, weil meine Pr\u00e4senz in Zeitungen und an Vortragspulten mittlerweile gegen Null tendiert, weil auch hier auf meiner website ionzwischen deutlich weniger passiert als in fr\u00fcheren Jahren: Der Autor ist in den Ruhestand getreten. Das schon vor einigen Monaten. Und was mache ich nun mit all der gewonnenen Verf\u00fcgungszeit? [&hellip;]<\/p>\n","protected":false},"author":4,"featured_media":875,"comment_status":"closed","ping_status":"closed","sticky":false,"template":"","format":"standard","meta":{"_acf_changed":false,"footnotes":""},"categories":[286],"tags":[],"archiv":[238,241],"archiv_inhaltlich":[259,258],"class_list":["post-1104","post","type-post","status-publish","format-standard","has-post-thumbnail","hentry","category-guten-tag-allerseits","archiv-238","archiv-2021-04","archiv_inhaltlich-guten-tag-allerseits","archiv_inhaltlich-kolumnen"],"acf":{"bild":"","anhang":""},"wps_subtitle":"","_links":{"self":[{"href":"https:\/\/www.pecht.info\/wordpress\/wp-json\/wp\/v2\/posts\/1104","targetHints":{"allow":["GET"]}}],"collection":[{"href":"https:\/\/www.pecht.info\/wordpress\/wp-json\/wp\/v2\/posts"}],"about":[{"href":"https:\/\/www.pecht.info\/wordpress\/wp-json\/wp\/v2\/types\/post"}],"author":[{"embeddable":true,"href":"https:\/\/www.pecht.info\/wordpress\/wp-json\/wp\/v2\/users\/4"}],"replies":[{"embeddable":true,"href":"https:\/\/www.pecht.info\/wordpress\/wp-json\/wp\/v2\/comments?post=1104"}],"version-history":[{"count":0,"href":"https:\/\/www.pecht.info\/wordpress\/wp-json\/wp\/v2\/posts\/1104\/revisions"}],"wp:featuredmedia":[{"embeddable":true,"href":"https:\/\/www.pecht.info\/wordpress\/wp-json\/wp\/v2\/media\/875"}],"wp:attachment":[{"href":"https:\/\/www.pecht.info\/wordpress\/wp-json\/wp\/v2\/media?parent=1104"}],"wp:term":[{"taxonomy":"category","embeddable":true,"href":"https:\/\/www.pecht.info\/wordpress\/wp-json\/wp\/v2\/categories?post=1104"},{"taxonomy":"post_tag","embeddable":true,"href":"https:\/\/www.pecht.info\/wordpress\/wp-json\/wp\/v2\/tags?post=1104"},{"taxonomy":"archiv","embeddable":true,"href":"https:\/\/www.pecht.info\/wordpress\/wp-json\/wp\/v2\/archiv?post=1104"},{"taxonomy":"archiv_inhaltlich","embeddable":true,"href":"https:\/\/www.pecht.info\/wordpress\/wp-json\/wp\/v2\/archiv_inhaltlich?post=1104"}],"curies":[{"name":"wp","href":"https:\/\/api.w.org\/{rel}","templated":true}]}}