{"id":1080,"date":"2020-05-30T22:00:00","date_gmt":"2020-05-30T21:00:00","guid":{"rendered":"https:\/\/www.pecht.info\/wordpress\/blog\/guten-tag-allerseits-im-mai-2020\/"},"modified":"2022-05-12T08:31:00","modified_gmt":"2022-05-12T07:31:00","slug":"guten-tag-allerseits-im-mai-2020","status":"publish","type":"post","link":"https:\/\/www.pecht.info\/wordpress\/2020\/05\/30\/guten-tag-allerseits-im-mai-2020\/","title":{"rendered":"Guten Tag allerseits im Mai 2020"},"content":{"rendered":"<p>Mai\/Juni<\/p>\n<p><strong>IN EIGENER SACHE gebe ich kund und zu wissen:<\/strong> Von heute an firmiere ich als &#8222;Kulturjournalist a.D.&#8220; (au\u00dfer Dienst). Ja, die beruflichen Schuhe sind abgelatscht, zerschlissen, l\u00f6chrig. Nach 33 Jahren bin ich der Pflichten, Zw\u00e4nge, Turbulenzen und Verantwortung wie auch der Erwartungen und Forderungen an mich m\u00fcde. Es war eine gute Zeit, sowohl die 17 Jahre in der Zentralredaktion der Rhein-Zeitung als auch die anschlie\u00dfenden 16 freischaffenden Jahre. Aber nun ist es genug. Nach reiflichem \u00dcberlegen und ein bisschen Rumrechnen bin ich zu dem Schluss gekommen, postcorona nicht mehr in den Vollbetrieb meiner Zunft zur\u00fcckzukehren, sondern schon jetzt &#8211; ein Jahr vorfristig &#8211; <strong>in den Ruhestand<\/strong> zu gehen.<\/p>\n<p>Nat\u00fcrlich, wer mich etwas n\u00e4her kennt, der\/die sagt jetzt: &#8222;Er wird die Feder nie und nimmer ganz weglegen (k\u00f6nnen).&#8220; Will er auch nicht. Ich werde, freilich in stark reduziertem Ma\u00dfe, der Tanz- und Schauspielkunst sowie der klassischen Musik als Gelegenheitskritiker treu bleiben, mich hie und da gewiss auch zu anderen Themen in der Zeitung mal zu Wort melden. Das aber ganz nach eigener Lust und Laune. Die Lebensphase der K\u00fcr ist ausgerufen. Nun m\u00fcssen sich erstmal Hirn, Gem\u00fct und Umgebung mit den neuen Umst\u00e4nden vertraut machen. Alles Weitere findet sich.<\/p>\n<hr \/>\n<hr \/>\n<p>31.05.2020<\/p>\n<p>Stephan Mahlow vom <strong>Koblenzer Podcast &#8222;Runde um Eck&#8220; und ich haben neulich lange geplaudert<\/strong> \u00fcber mein Leben, Tun und Ansichten zu diversen Gegenwartsfragen. Mahlow schreibt in seiner Ank\u00fcndigung dieses Podcast-Beitrages u.a. : <em>Es ist ein langes, aber wie ich finde sehr interessantes Gespr\u00e4ch geworden. \u00dcber lehrreichen Wehrdienst, die Faszination von Dialekten, &#8222;links-gr\u00fcn-versiffte&#8220; Positionen der Rhein-Zeitung, Fridays for Future, Qualit\u00e4tsjournalismus, Facebook-Blasen und nat\u00fcrlich \u00fcber die Coronakrise.<\/em><\/p>\n<p>&gt; Gespr\u00e4ch anh\u00f6ren wahlweise hier:<\/p>\n<p>Spotify: <a href=\"https:\/\/spoti.fi\/36CRoHF\">https:\/\/spoti.fi\/36CRoHF<\/a><\/p>\n<p>iTunes: <a href=\"https:\/\/apple.co\/3es8I4K\">https:\/\/apple.co\/3es8I4K<\/a><\/p>\n<p>Google Podcasts: <a href=\"https:\/\/bit.ly\/2BdgIs6\">https:\/\/bit.ly\/2BdgIs6<\/a><\/p>\n<p>Anchor: <a href=\"https:\/\/bit.ly\/3ck7iIh&quot;\">https:\/\/bit.ly\/3ck7iIh&#8220;<\/a><\/p>\n<hr \/>\n<p>25.05.2020<\/p>\n<p><strong>FRAGIL (zerbrechlich, zart) ist wohl das zutreffendste Wort f\u00fcr die derzeitige Lage an der Seuchenfront.<\/strong> Und wie geht man mit etwas Fragilem um? Vorsichtig, sehr sehr vorsichtig. Davon kann m.E. im Augenblick (nicht nur) hierzulande keine Rede sein. Vorneweg scheinen Politik und Wirtschaft vergessen zu haben, dass die gesamte Gesellschaft sich nach wie vor in einem Hochrisiko-Experiment mit durchaus ungewissem Verlauf und Ausgang befindet. Was ausgerechnet Ramelow reitet, sich jetzt an die Spitze der Bewegung zur (vor)eiligen &#8222;Normalisierung&#8220; zu setzen, ist mir r\u00e4tselhaft.<\/p>\n<p>Gewiss, die Zahlen der Neuinfektionen sind in Europa und gerade Deutschland erfreulich r\u00fcckl\u00e4ufig. Weltweit allerdings steigen selbst die offiziell registrierten F\u00e4lle weiter an, von den nichtregistrierten und\/oder vertuschten ganz zu schweigen. Vielleicht muss man mal wieder auf die Anf\u00e4nge der Pandemie zur\u00fcckblicken, um deren tats\u00e4chliches Gefahrenpotenzial in Erinnerung zu bringen: Auf irgendeinem Markt am anderen Ende Welt infizierten sich eine Hand voll Menschen mit dem bis dahin unbekannten Virus. Schon vier bis sieben Wochen sp\u00e4ter hatte es sich um den ganzen Planeten gefressen &#8211; und weitere drei Monate sp\u00e4ter offiziell 345 000 Menschen (Stand heute, laut Johns Hopkins) das Leben gekostet. Und noch immer gibt es kein durchschlagendes Medikament und keinen Impfstoff gegen Covid19.<\/p>\n<hr \/>\n<p>24.05.2020<\/p>\n<p>Dies ist die <strong>Titelseite der heutigen (24.5.) New York Times. Ein Fanal.<\/strong> Aufgelistet sind &#8211; stellvertretend f\u00fcr jetzt fast 100 000 Corona-Tote in den USA &#8211; einige hundert Verstorbene aus allen Altersklassen und Berufsgruppen.<a class=\"colorbox colorbox-insert-image\" title=\"New York Times, Titelseite 24.5.2020\" href=\"https:\/\/www.pecht.info\/wordpress\/wp-content\/uploads\/2020\/05\/NY.jpg\"> <img loading=\"lazy\" decoding=\"async\" class=\" size-full wp-image-1079\" style=\"height: 480px; width: 265px;\" title=\"New York Times, Titelseite 24.5.2020\" src=\"https:\/\/www.pecht.info\/wordpress\/wp-content\/uploads\/2020\/05\/NY.jpg\" alt=\"\" width=\"265\" height=\"480\" \/> <\/a><\/p>\n<hr \/>\n<p>23.05.2020<\/p>\n<p>Und nochmal: Fakten, Fakten, Fakten wider falsche, irrt\u00fcmliche oder absichtsvoll unwahre Behauptungen in Sachen <strong>Corona<\/strong>. <a href=\"https:\/\/projekte.sueddeutsche.de\/artikel\/wissen\/corona-faktencheck-e401112\/?fbclid=IwAR1_qkmFYe7snRFmO6YhdzQOI_RrmlZwjbPznfpc1b_EAS0_nqszfkDdtZI\">&gt; Projekt S\u00fcddeutsche Zeitung<\/a><\/p>\n<hr \/>\n<p>22.05.2020<\/p>\n<p><em>&#8222;Man sollte die Einfachheit mancher Lebensweise nicht mit Primitivit\u00e4t verwechseln.&#8220;<\/em><\/p>\n<p>Dieser irgendwann irgendwo gelesene Satz kam mir beim behaglichen Br\u00fcckentagsfr\u00fchst\u00fcck unversehens in den Sinn. Und er f\u00fchlt sich gut an.<\/p>\n<p class=\"rtecenter\">***<\/p>\n<p>Volkswirtschaftlich w\u00e4re das eine unsinnige Ma\u00dfnahme, \u00f6kologisch eine geradezu sch\u00e4ndliche Dummheit und politisch ein Kotau der Regierung vor der Autoindustrie. In summa also: Komplett bescheuert. <a href=\"https:\/\/www.berliner-zeitung.de\/politik-gesellschaft\/die-abwrackpraemie-kommt-nun-doch-li.84197?fbclid=IwAR21Gy6D3ZJl4O2YiPOf0_kSwyHObH41VP6fypHZIzlSMjtmsIGX_T4GS_k\">&gt; Artikel Berliner Zeitung &#8222;Die Abwrackpr\u00e4mie kommt doch&#8220;<\/a><\/p>\n<hr \/>\n<p>21.05.2020<\/p>\n<p>Da kommt man vom Einkaufen zur\u00fcck, freut sich, dass hierorts die Leute in gro\u00dfer Selbstverst\u00e4ndlichkeit auf dem Weg von Parkplatz zum\u00a0 Supermarkt ihre Masken aufgesetzt und sich auch sonst unaufgeregt ans Seuchenreglement gehalten haben. Was aber kriegt man daheim als erstes zu h\u00f6ren? <strong>&#8222;Du wei\u00dft schon, dass deine Hose kaputt ist<\/strong> &#8211; und der Pullover \u00fcbrigens auch.&#8220; <a href=\"https:\/\/www.pecht.info\/wordpress\/2020\/05\/20\/deine-hose-ist-kaputt\/\">&gt; Kleines Verz\u00e4hlche aus dem Alltag<\/a><\/p>\n<hr \/>\n<p>19.05.2020<\/p>\n<p>***ACHTUNG TERMIN\u00c4NDERUNG: <strong>Das Radio-Gespr\u00e4ch von SWR2 mit mir <\/strong>\u00fcber mein Buch &#8222;Aus Liebe zur Musik &#8211; Das Musik-Institut Koblenz im Lauf der Zeiten 1808 bis 2018&#8220; wird erst am 2. Juni (ab ca. 10.45 Uhr) gesendet.<\/p>\n<hr \/>\n<p>16.05.2020<\/p>\n<p><img loading=\"lazy\" decoding=\"async\" class=\" size-full wp-image-875\" style=\"float: right; height: 167px; margin: 5px; width: 150px;\" src=\"https:\/\/www.pecht.info\/wordpress\/wp-content\/uploads\/2018\/04\/quergedanken-logo.jpg\" alt=\"\" width=\"150\" height=\"167\" \/><\/p>\n<p>Die Coronakrise hat auch das <strong>Monatsmagazin &#8222;Kulturinfo&#8220;<\/strong> kalt erwischt, in dem seit 2005 meine <strong>Kolumne &#8222;Quergedanken&#8220;<\/strong> erscheint. Die vorige Ausgabe kam Ende M\u00e4rz heraus, danach fehlt eine Nummer. Denn das &#8222;Kulturinfo&#8220; ist prim\u00e4r ein Magazin zu Vorstellung und Bewerbung von Kulturveranstaltungen in der Region Mittelrhein und Nachbarschaft. Nach der Stilllegung des LIve-Kulturbetriebs im Zuge der Seuche, gab es keine Ank\u00fcndigungen und Anzeigen mehr zum Drucken. Mit den j\u00fcngsten Beschl\u00fcssen zur Teil\u00f6ffnung auch des Kuilturbetriebes kann nun wieder eine Nummer in Angriff genommen werden. Damit werden auch wieder die &#8222;Quergedanken&#8220; f\u00e4llig. Bis zum Erscheinen des Heftes sind noch ein paar Tage hin, doch meinen Text stelle ich schon vorab im Netz. Grund: Darin geht es um das dubios-konfuse Ph\u00e4nomen der <strong>&#8222;Hygienedemos&#8220;<\/strong>, die auch am heutigen Samstag manchen Platz zum Risikogebiet machen. <a href=\"https:\/\/www.pecht.info\/wordpress\/2020\/05\/16\/denn-sie-wissen-nicht-was-sie-tun\/\">&gt; Quergedanken Nr. 182: Denn sie wissen (nicht), was sie tun<\/a><\/p>\n<hr \/>\n<p>14.05.2020<\/p>\n<p>Es gibt da etwas, das ich einfach nicht begreife. Nachvollziehbar ist noch, dass medizinische Laien und der Volksmund verbreitetet glauben: <strong>Optimales Mittel gegen Virus- und Bakterieninfektionen sei ein starkes Immunsystem<\/strong> und nicht Ansteckungsvermeidung, Medikamente oder gar Impfimmunisierung gegen Viren. Diese Ansicht r\u00fchrt schlie\u00dflich von mannigfachen lebenspraktischen Erfahrungen, wonach j\u00fcngere, gesunde, k\u00f6rperlich robuste Menschen viele der gew\u00f6hnlichen Infektionskrankheiten (sehr oft) tats\u00e4chlich am besten \u00fcberstehen. Wie aber selbst ein paar studierte Mediziner und andere &#8222;Experten&#8220; auf die Idee kommen k\u00f6nnen, diese Popul\u00e4rgeneralisierung zu teilen und auch auf die Coronaseuche anzuwenden, ist mir v\u00f6llig r\u00e4tselhaft.<\/p>\n<p>Haben diese Herrschaften w\u00e4hrend ihres Studiums die Vorlesungen \u00fcber Medizin- und Seuchengeschichte verschlafen? Haben sie kein einziges Mal ein Auge auf Mechanismen, Wesen und Wirken wenigstens der Spanischen Grippe von 1918 bis 1920 geworfen? Oder sich mit Pest, Pocken, Lepra, Ebola etc. befasst? Dann w\u00fcssten sie n\u00e4mlich, dass auch schon eine Menge Erreger aufgetreten sind, die bei ihren Opfern keinen Unterschied machen und selbst das st\u00e4rkste Immunsystem bis zur Letalit\u00e4t niederwerfen k\u00f6nnen. Ja, dass es sogar schon Erregermutationen gab, die vorzugsweise j\u00fcngere, starke Menschen angegriffen und in gro\u00dfer Zahl get\u00f6tet haben. So geschehen bei der zweiten Welle der Spanischen Grippe.<\/p>\n<p>Zur Erhellung sei die TV-Dokumentation <a href=\"https:\/\/www.zdf.de\/dokumentation\/zdfinfo-doku\/spanische-grippe-das-geheimnis-des-killer-virus-102.html\">&gt; &#8222;Spanische Grippe &#8211; Das Geheimnis des Killervirus&#8220;<\/a> ans Herz gelegt (in der ZDF-Mediathek).<\/p>\n<hr \/>\n<p>12.05.2020<\/p>\n<p><strong>Da schreibt mir einer<\/strong> via Mail: &#8222;Herr Pecht, sie sind doch geradezu begierig danach, dass eine gro\u00dfe zweite Corona-Welle kommt und beim Wetter eine Katastrophe die andere jagt. (&#8230;)&#8220;<br \/>\n<strong>Meine Antwort:<\/strong> Werter Herr (XY), das sehen Sie v\u00f6llig falsch. Liebend gern h\u00e4tte ich f\u00fcr meine alten Tage auf diese Pandemie verzichtet. Weshalb ich auch fest die Daumen dr\u00fccke, dass das gut geht mit den \u00d6ffnungen. Hat man sich allerdings jemals ein bisschen mit den Mechanismen von Epidemien befasst, kann man eben die Augen nicht verschlie\u00dfen vor den R\u00fccksturzgefahren, die Lockerungen der Schutzma\u00dfnahmen immer beinhalten. Liebend gern h\u00e4tte ich auch auf den Klimawandel verzichtet. Aber die industrielle Zivilisation hat ihn sich nunmal eingebrockt, er l\u00e4uft. Wer seine f\u00fcnf Sinne noch beisammen hat, aufmerksam in die Welt schaut und ein bisschen die aktuelle Klimaforschung verfolgt, der wei\u00df eben, was da bereits begonnen hat, und f\u00fcrchtet, was da noch kommen wird. Gleichwohl bin ich \u00fcber jede Jahreszeit sehr gl\u00fccklich, die noch einmal halbwegs der durchschnittlichen Normalit\u00e4t entspricht, die ich \u00fcber mehrere Jahrzehnte erleben durfte.<\/p>\n<hr \/>\n<p>10.05.2020<\/p>\n<p>Im Lesesessel am Fenster l\u00fcmmeln und dem kr\u00e4ftigen, aber doch ma\u00dfvollen Landregen lauschen, den das zweite <strong>Gewitter<\/strong> mitgebracht hat. Sch\u00f6n. Eine Stunde zuvor hatte das erste noch mit einer 8-min\u00fctigen Sturzflut nebst Hageleinlage ruppig auf das Land eingedroschen. Wenn ich die Wetterfr\u00f6sche richtig verstehe, r\u00e4umen diese Gewitter nun den Weg frei f\u00fcr den Einzug der <strong>&#8222;Eisheiligen&#8220;<\/strong>. K\u00fchl soll&#8217;s werden die n\u00e4chsten drei Tage bis auch die Sophie durch ist, vielleicht kalt. In einigen Mittelgebirgslagen sei sogar nochmal mit Schnee zu rechnen, hei\u00dft es. Nun denn.<\/p>\n<p class=\"rtecenter\">***<\/p>\n<p>Mal wieder was ganz anderes: <strong>schmunzeliges Sinnieren beim behaglichen Sonntagsfr\u00fchst\u00fcck.<\/strong> Bisher ging ich davon aus, dass die Mehrzahl der mir eigenen &#8222;seltsamen&#8220; Neigungen in den Westerwald mitgenommene genetische Erbteile meiner badisch-kurpf\u00e4lzischen Sippe aus Bauern, Wirtsleuten, Schnapsbrennern und Handwerkern sind. Seit Erscheinen der j\u00fcngsten &#8222;Zeit&#8220;-Ausgabe ist nun allerdings Umdenken angesagt. Dort wird auf der Titelseite gefragt: &#8222;Warum zieht es uns in die Natur?&#8220; Und sogleich die Antwort gegeben: &#8222;Weil wir letztlich Tiere geblieben sind.&#8220; Hurra, ich bin ein Viech! Fragt sich blo\u00df noch: Was f\u00fcr eines?<\/p>\n<hr \/>\n<p>09.05.2020<\/p>\n<p>Es haben mich in den letzten Tagen per Mail etliche kritische bis sagen wir: ungehaltene <strong>Zuschriften zu meinen Corona-Beitr\u00e4gen<\/strong> in diversen Medien erreicht. Ich kann sie nicht alle einzeln beantworten. Was auch nicht n\u00f6tig ist, da die meisten (teils mit erstaunlicher Wortgleichheit) auf die immer gleiche Fragestellung hinauslaufen: <em>\u201eEs gibt eine Reihe von durchaus reputierten Wissenschaftlern (Bhakdi, Wodarg, H\u00f6ckerts, M\u00f6lling, Ioannidis (USA) &#8230;), die dem vor allem vom RKI und Herrn Prof. Dr. Drosten gest\u00fctzten vorherrschenden Corona-Narrativ widersprechen und die nicht einem rechten Spektrum zugeordnet werden k\u00f6nnen. Wie sch\u00e4tzen Sie diese wissenschaftliche Opposition ein?\u201c<\/em> <a href=\"https:\/\/www.pecht.info\/wordpress\/2020\/05\/08\/was-ich-in-sachen-corona-nicht-fuer-voll-nehmen-kann\/\">&gt; Meine Antwort (hier)<\/a><\/p>\n<hr \/>\n<p>08.05.2020<\/p>\n<p><strong>Es war zu bef\u00fcrchten<\/strong>: Was auf dem Papier vern\u00fcnftig und f\u00fcr jeden Einzelfall recht sicher klingen mag, erweist sich jetzt lebenspraktisch in der Summe als chaotischer <strong>Zusammenbruch des Seuchenschutzes<\/strong> im \u00f6ffentlichen Raum. <a href=\"https:\/\/www.pecht.info\/wordpress\/2020\/05\/07\/oeffnung-fuehrt-vielerorts-zu-zusammenbruch\/\">&gt; Anmerkung zu aktuellen Beobachtungen<\/a><\/p>\n<hr \/>\n<p>07.05.2020<\/p>\n<p>Einerseits: Hinsichtlich der <strong>gestrigen Vereinbarungen zwischen Ministerpr\u00e4sidenten und Kanzlerin<\/strong> neige ich zu der Formulierung &#8222;Nun sind in Sachen Corona-Seuchenschutz<strong> alle D\u00e4mme gebrochen<\/strong>&#8222;. Meiner pers\u00f6nlichen Ansicht nach kommt eine \u00d6ffnung solchen Ausma\u00dfes zwei bis drei Wochen zu fr\u00fch. Gleichwohl dr\u00fccke ich nat\u00fcrlich die Daumen, dass das halbwegs gut geht, bange allerdings, wir k\u00f6nnten alsbald in einer noch schwerer ertr\u00e4glichen Jojo-Situation landen (\u00d6ffnung &gt; Schlie\u00dfung &gt; \u00d6ffnung &gt; Schlie\u00dfung&#8230;)<\/p>\n<p>Andererseits: Die Vereinbarung beinhaltet zwei sehr gescheite Komponenten. a) Die Obergrenze 50 : 100000, bei deren Erreichung Notbremsen gezogen werden m\u00fcssen; b) die M\u00f6glichkeit auf regional unterschiedliche Infektionsentwicklungen regionalspezifisch zu reagieren. Dennoch bleibt das Problem: So sicher tausenderlei \u00d6ffnungspraktiken einzeln jeweils erscheinen m\u00f6gen, in summa kommt eben de facto doch eine explosionsartige Vermehrung von Menschenkontakten dabei heraus.<\/p>\n<p>Ich selbst werde mir deshalb erlauben, mein bisheriges Seuchenschutz-Verhalten soweit irgend m\u00f6glich erstmal noch zwei bis drei Wochen beizubehalten. Schaun mer mal, wie die Sache sich entwickelt.<\/p>\n<hr \/>\n<p>06.05.2020<\/p>\n<p>Nur mal so, Info zur Tatsachenlage, an alle, die es angeht:<br \/>\n&#8222;Ein f\u00fcr allemal: <strong>Eine Corona-Impfpflicht stand nie im Gesetzesentwurf<\/strong>, zu keinem Zeitpunkt.&#8220; Dies erkl\u00e4rte jetzt B\u00e4rbel Bas, Vizevorsitzende der SPD-Bundestagsfraktion. Die Aussage entspricht meiner Lekt\u00fcre des Entwurfs. Auch Jens Spahn sprach sich gegen eine Impfpflicht aus. Dessen urspr\u00fcngliche Idee vom &#8222;Immunit\u00e4tsausweis&#8220; ist ebenfalls vom Tisch und zur Er\u00f6rterung an den Deutschen Ethikrat verwiesen. Proteskampagnen gegen eine vermeintliche Corona-Zwangsimpfung entbehren derzeit jeglicher Grundlage, die Initiatoren verfolgen m.E. dubiose politische Zwecke.<\/p>\n<hr \/>\n<p>05.05.2020<\/p>\n<p><strong>Zeitungslekt\u00fcre in der Fr\u00fche. Vier Punkte, die bei mir als gute Nachrichten h\u00e4ngen bleiben:<\/strong><br \/>\n1.) &#8222;Um Palmer wird es einsam&#8220;: Nachdem schon vergangene Woche BaW\u00fc-Ministerpr\u00e4sident Kretschmann sehr deutlich zu Palmer auf Distanz gegangen ist, stellt ihn nun der Bundesvorstand der Gr\u00fcnen &#8211; unabh\u00e4ngig vom endlosen Verfahren um einen Parteiausschluss &#8211; parteilich de facto kalt.<br \/>\n2.) Spahn rudert in Sachen Immunit\u00e4tsausweis zur\u00fcck und \u00fcberantwortet SEINE Idee erstmal dem Deutschen Ethikrat. Derweil warnt die WHO vor der Einf\u00fchrung von &#8211; wissenschaftlich derzeit ohnehin nicht haltbaren &#8211; &#8222;Immunit\u00e4tsnachweisen&#8220;.<br \/>\n3. &#8222;Globale Koalition gegen das Virus&#8220;: Eine gro\u00dfe Zahl von Staaten werfen etliche Milliarden Euro in einen gemeinsamen Topf zur Finanzierung erweiterter Forschung\/Entwicklung von Impfstoff gegen Covid19. Man einigte sich auch darauf, den Impfstoff nachher quasi dem normalen Treiben der pharmazeutischen M\u00e4rkte zu entziehen und aller Welt in gleicher Weise zur Verf\u00fcgung zu stellen.<br \/>\n4. &#8222;Wider das Wachstumsdogma&#8220;: Der von mir vor 4 Wochen prognostizierte &#8222;gro\u00dfe Kladeradatsch&#8220; um die Lehren aus der Corona-Krise f\u00fcr die mittel- und langfristigen (systemischen) Weichenstellungen in Gesellschaft und Wirtschaft hat begonnen. Das ist gut so. Die Hauptfrontlinie, das deutet sich bereits an, verl\u00e4uft zwischen denen, die m\u00f6glichst schnell einfach zur\u00fcck wollen zum Status quo ante mit seinem Dominanzprinzip von &#8222;Wachstum, Wachstum \u00fcber alles, koste es, was es wolle&#8220; &#8211; und jenen, die nun die Chance und Notwendigkeit sehen, zum Primat von Naturvertr\u00e4glichkeit, Menschenvetr\u00e4glichkeit und Nachhaltigkeit umzusteuern. Diese jetzt begonnene Gro\u00dfdiskussion ist m.E. jenseits der aktuellen praktischen Seuchenbek\u00e4mpfung die wichtigste von allen.<\/p>\n<hr \/>\n<p>04.05.2020<\/p>\n<p><strong>Da ist mir<\/strong> gestern in einer Facebook-Diskussion <strong>der Kragen geplatzt<\/strong> und das Nachfolgende aus der Tastatur geschossen, weil wieder so ein Unschuldigtuer Krokodilstr\u00e4nen vergoss, gegen &#8222;Zwangsimpfung&#8220; wetterte und Bef\u00fcrworter des Seuchenschutzes als &#8222;blinde Lemminge&#8220; beschimpfte. <a href=\"https:\/\/www.pecht.info\/wordpress\/2020\/05\/03\/wider-staenkerer-und-seuchenverharmloser\/\">&gt; Zum zornigen Ausbruch (hier)<\/a><\/p>\n<hr \/>\n<p>03.05.2020<\/p>\n<p>\u00dcbrigens (f\u00fcr den Hinterkopf): <strong>Das Prinzip Dunkelziffer<\/strong> &#8211; wonach die Zahl der tats\u00e4chlich Covid19-Infizierten wesentlich h\u00f6her liegt als offiziell erfasst &#8211; <strong>gilt ebenfalls f\u00fcr die Corona-Todesf\u00e4lle<\/strong>. Denn in fast keinem Land der Erde werden au\u00dferklinisch Verstorbene auf eine m\u00f6gliche Corona-Ursache untersucht. Und in vielen L\u00e4ndern\/Gegenden wird schlechterdings still daheim gestorben.<\/p>\n<p>Zahlen best\u00e4tigter F\u00e4lle (So, 3.5., 12.32 Uhr) nach Johns Hopkins jenseits der rein deutschen Betrachtung:<br \/>\nInfizierte weltweit = knapp 3,5 Millionen; Corona-Tote weltweit bisher rund 244 000. Infizierte USA = knapp 1,2 Millionen; davon infolge Covid19 verstorben = rund 67 000. (und nun noch den Hinterkopf zuschalten s.o.)<\/p>\n<p class=\"rtecenter\">***<\/p>\n<p>Sonntagmorgendlicher Rundgang ums Haus und durch den Selbstversorgungsgarten. <strong>Nach den Regenschauern der vergangenen drei Tage<\/strong> kann man Gem\u00fcse, Str\u00e4uchern, Blumen, Gras beim dr\u00e4ngenden Wachsen zuschauen. Die Setzkartoffeln haben quasi \u00fcber Nacht Blatttriebe durch die Erde gedr\u00fcckt. Auch die Zeit des Futterns Von-der-Hand-in-den-Mund hat begonnen: Wir essen bereits t\u00e4glich Radieschen, R\u00fcbchen, Rukola und kleine Jungzwiebeln. Anfang der Woche muss &#8211; erstmals 2020 &#8211; auch der Rasenm\u00e4her mal wieder Dienst tun. Ende der Woche d\u00fcrfte der erste Kopfsalat f\u00e4llig sein. Freude!<\/p>\n<hr \/>\n<p>02.05.2020<\/p>\n<p>Eine Bemerkung anl\u00e4sslich der derzeit von allen Seiten einprasselnden<strong> Flut von Beschwerden gegen &#8222;Ungerechtigkeit, Unlogik, Nichtnachvollziehbarkeit&#8220; etc. von \u00d6ffnungen bzw. Nicht\u00f6ffnungen des Corona-Seuchenschutzes<\/strong>: F\u00fcr die jeweils Betroffenen sind nat\u00fcrlich die Einzelregelungen besonders wichtig, epidemologisch sind sie es streng genommen nicht. Denn urspr\u00fcnglich wurden alle Ma\u00dfnahmen mit dem Ziel ergriffen, in summa die Menschenbewegung\/-begegnung so weit irgendm\u00f6glich zu reduzieren. Was wir jetzt erleben, ist der wohl ebenso verzweifelte wie riskante Versuch, zwei Dinge in Einklang zu bringen, die sich im Grunde widersprechen: Weiterhin m\u00f6glichst wenig Menschenkontakt bei zugleich m\u00f6glichst vielen \u00d6ffnungen. Daher r\u00fchrt m.E. die (scheinbare?) Unlogik so mancher aktuellen Neuregelung.<\/p>\n<hr \/>\n<p>01.05.2020<\/p>\n<p><strong>Kleines Verz\u00e4hlche am und zum 1. Mai.<\/strong> Eine Erinnerung, beim Fr\u00fchst\u00fcck pl\u00f6tzlich aus den Hirntiefen aufgestiegen und wohl provoziert durch das heute seltsame Gef\u00fchl: Erstmals zu meinen Lebzeiten gibt es an dem f\u00fcr mich seit fr\u00fcher Jugend wichtigsten Feiertag im Jahreszyklus keine Demonstrationen und Kundgebungen. *** Wir schreiben die Nacht vom 30. April zum 1. Mai wahrscheinlich anno 1971. <a href=\"https:\/\/www.pecht.info\/wordpress\/2020\/05\/01\/irrweg-in-der-walpurgisnacht-1971\/\">&gt; weiterlesen (hier)<\/a><\/p>\n<hr \/>\n<hr \/>\n<p>30.04.2020<\/p>\n<p>Laut Johns Hopkins Uni gibt es derzeit weltweit 3,2 Millionen best\u00e4tigte Covid19-Infizierte und sind rund 230 000 in Folge der Infektion gestorben. Neben den schon allseits bekannten medizinischen wie gesellschaftlichen Wirkungen der Seuche schieben sich zusehends Nachrichten aus etlichen L\u00e4ndern in den Blick \u00fcber noch ungekl\u00e4rte, unerforschte, unerwartete medizinische Begleiterscheinungen und Folgewirkungen der Viruserkrankung. <a href=\"https:\/\/www.pecht.info\/wordpress\/2020\/04\/29\/virus-haelt-noch-manche-ueberraschung-bereit\/\">&gt; Kurzkommentar zu unerwarteten Neben- und Folgewirkungen<\/a><\/p>\n<hr \/>\n<p>28.04.2020<\/p>\n<p>Es ist nun wohl an der Zeit, dass die Gr\u00fcnen sich von diesem Herrn Palmer trennen!<\/p>\n<hr \/>\n<p>26.04.2020<\/p>\n<p>Mein pers\u00f6nlicher Katalog von unumst\u00f6\u00dflichen 7 Basiserkenntnissen und Grundregeln f\u00fcr die Corona-Seuche. <a href=\"https:\/\/www.pecht.info\/wordpress\/2020\/04\/25\/7-basiserkenntnisse-und-regeln-zu-corona\/\">&gt; weiterlesen (hier)<\/a><\/p>\n","protected":false},"excerpt":{"rendered":"<p>Mai\/Juni IN EIGENER SACHE gebe ich kund und zu wissen: Von heute an firmiere ich als &#8222;Kulturjournalist a.D.&#8220; (au\u00dfer Dienst). Ja, die beruflichen Schuhe sind abgelatscht, zerschlissen, l\u00f6chrig. Nach 33 Jahren bin ich der Pflichten, Zw\u00e4nge, Turbulenzen und Verantwortung wie auch der Erwartungen und Forderungen an mich m\u00fcde. Es war eine gute Zeit, sowohl die [&hellip;]<\/p>\n","protected":false},"author":4,"featured_media":1079,"comment_status":"closed","ping_status":"closed","sticky":false,"template":"","format":"standard","meta":{"_acf_changed":false,"footnotes":""},"categories":[286],"tags":[],"archiv":[225,230],"archiv_inhaltlich":[259,258],"class_list":["post-1080","post","type-post","status-publish","format-standard","has-post-thumbnail","hentry","category-guten-tag-allerseits","archiv-225","archiv-2020-05","archiv_inhaltlich-guten-tag-allerseits","archiv_inhaltlich-kolumnen"],"acf":{"bild":1079,"anhang":""},"wps_subtitle":"","_links":{"self":[{"href":"https:\/\/www.pecht.info\/wordpress\/wp-json\/wp\/v2\/posts\/1080","targetHints":{"allow":["GET"]}}],"collection":[{"href":"https:\/\/www.pecht.info\/wordpress\/wp-json\/wp\/v2\/posts"}],"about":[{"href":"https:\/\/www.pecht.info\/wordpress\/wp-json\/wp\/v2\/types\/post"}],"author":[{"embeddable":true,"href":"https:\/\/www.pecht.info\/wordpress\/wp-json\/wp\/v2\/users\/4"}],"replies":[{"embeddable":true,"href":"https:\/\/www.pecht.info\/wordpress\/wp-json\/wp\/v2\/comments?post=1080"}],"version-history":[{"count":0,"href":"https:\/\/www.pecht.info\/wordpress\/wp-json\/wp\/v2\/posts\/1080\/revisions"}],"wp:featuredmedia":[{"embeddable":true,"href":"https:\/\/www.pecht.info\/wordpress\/wp-json\/wp\/v2\/media\/1079"}],"wp:attachment":[{"href":"https:\/\/www.pecht.info\/wordpress\/wp-json\/wp\/v2\/media?parent=1080"}],"wp:term":[{"taxonomy":"category","embeddable":true,"href":"https:\/\/www.pecht.info\/wordpress\/wp-json\/wp\/v2\/categories?post=1080"},{"taxonomy":"post_tag","embeddable":true,"href":"https:\/\/www.pecht.info\/wordpress\/wp-json\/wp\/v2\/tags?post=1080"},{"taxonomy":"archiv","embeddable":true,"href":"https:\/\/www.pecht.info\/wordpress\/wp-json\/wp\/v2\/archiv?post=1080"},{"taxonomy":"archiv_inhaltlich","embeddable":true,"href":"https:\/\/www.pecht.info\/wordpress\/wp-json\/wp\/v2\/archiv_inhaltlich?post=1080"}],"curies":[{"name":"wp","href":"https:\/\/api.w.org\/{rel}","templated":true}]}}